{"id":1072,"date":"2021-10-15T18:22:56","date_gmt":"2021-10-15T15:22:56","guid":{"rendered":"https:\/\/www.adventtikalenteri.fi\/myyjille\/?p=1072"},"modified":"2021-10-19T16:08:25","modified_gmt":"2021-10-19T13:08:25","slug":"myyntikausi-kaynnistyi","status":"publish","type":"post","link":"https:\/\/www.adventtikalenteri.fi\/myyjille\/myyntikausi-kaynnistyi\/","title":{"rendered":"Myyntikausi k\u00e4ynnistyi &#8211; mit\u00e4s nyt?"},"content":{"rendered":"<p class=\"lead\">Adventtikalentereita saa nyt myyd\u00e4 mielin m\u00e4\u00e4rin! Myyntiaika kest\u00e4\u00e4 5.12. asti, mutta kannattaa ehdottomasti aloittaa ajoissa ja hyv\u00e4ll\u00e4 mielell\u00e4.<\/p>\n<p><strong><img loading=\"lazy\" decoding=\"async\" class=\"wp-image-381 alignnone\" src=\"https:\/\/www.adventtikalenteri.fi\/myyjille\/wp-content\/uploads\/sites\/2\/2021\/08\/kalenteri_lintu1-900x849.jpg\" alt=\"piirretty lintu ja joulupaketti\" width=\"166\" height=\"157\" srcset=\"https:\/\/www.adventtikalenteri.fi\/myyjille\/wp-content\/uploads\/sites\/2\/2021\/08\/kalenteri_lintu1-900x849.jpg 900w, https:\/\/www.adventtikalenteri.fi\/myyjille\/wp-content\/uploads\/sites\/2\/2021\/08\/kalenteri_lintu1-768x725.jpg 768w, https:\/\/www.adventtikalenteri.fi\/myyjille\/wp-content\/uploads\/sites\/2\/2021\/08\/kalenteri_lintu1-157x148.jpg 157w, https:\/\/www.adventtikalenteri.fi\/myyjille\/wp-content\/uploads\/sites\/2\/2021\/08\/kalenteri_lintu1-765x722.jpg 765w, https:\/\/www.adventtikalenteri.fi\/myyjille\/wp-content\/uploads\/sites\/2\/2021\/08\/kalenteri_lintu1.jpg 1417w\" sizes=\"auto, (max-width: 166px) 85vw, 166px\" \/><\/strong><\/p>\n<p>&nbsp;<\/p>\n<p><strong>Nyt on hyv\u00e4 aika tarkistaa joko teid\u00e4n ryhm\u00e4ll\u00e4nne ja lippukunnallanne on: <\/strong><\/p>\n<ul>\n<li>Myyntitempaukset viriteltyin\u00e4 ja l\u00f6ydett\u00e4viss\u00e4 osoitteesta: <a href=\"http:\/\/www.adventtikalenteri.fi\/myyjille\/myynti\/myyntitempaukset\/\">www.adventtikalenteri.fi\/myyjille\/myynti\/myyntitempaukset<\/a><\/li>\n<li>Lippukunnan oma myyntilinkki valmiudessa ja lis\u00e4ttyn\u00e4 esimerkiksi nettisivuillenne ja somekanaviinne. <a href=\"https:\/\/www.adventtikalenteri.fi\/myyjille\/myynti\/verkkokauppa-myyntikanavana\/lippukuntien-omat-myyntilinkit\/\">Lippukuntien omat myyntilinkit l\u00f6yd\u00e4t t\u00e4\u00e4lt\u00e4<\/a>.<\/li>\n<li>Julisteet ja flyerit valmiina tositoimiin. Lis\u00e4\u00e4 valmiita markkinointimateriaaleja voitte tulostaa <a href=\"https:\/\/partio.emmi.fi\/l\/Bp6dC7_jtqkH\">materiaalipankista<\/a>.<\/li>\n<li><a href=\"https:\/\/partio.emmi.fi\/l\/N_q5hkVcDb_L\">Kirjeet ja myyntilomakkeet<\/a> valmiina esim. <a href=\"https:\/\/www.adventtikalenteri.fi\/myyjille\/myynti\/yritysmyynti\/\">yritysmyyntiin<\/a>.<\/li>\n<li>Iloinen ja optimistinen mieli ja yhdess\u00e4 tekemisen meininki! Kohti kaikkien aikojen ilahduttavinta kampanjaa!<\/li>\n<\/ul>\n<p><strong><br \/>\nJokainen myyj\u00e4 voi juuri nyt:<\/strong><\/p>\n<ul>\n<li>Kertoa kalenterimyynnist\u00e4 tutuilleen kasvokkain, puhelimitse tai viesteill\u00e4.<\/li>\n<li>Tunnelmoida somessa ja kannustaa tuttuja ja tuntemattomia ostoksille! S\u00e4\u00e4st\u00e4 aikaa ja valikoi sopivat kuvat <a href=\"https:\/\/partio.emmi.fi\/l\/PtNtmMNz8bRn\">valmiiden somekuvien<\/a> joukosta tai ikuista omat markkinointikuvasi. Tagaa ihmeess\u00e4 somepostauksiisi my\u00f6s #adventtikalenteri #joulu2021 @partioscout<\/li>\n<li>Kutsu kaverikin mukaan myyntipuuhiin!<\/li>\n<\/ul>\n<p><img loading=\"lazy\" decoding=\"async\" class=\"alignnone size-medium wp-image-946\" src=\"https:\/\/www.adventtikalenteri.fi\/myyjille\/wp-content\/uploads\/sites\/2\/2021\/09\/Julisteet-flyerit-2021-900x659.jpg\" alt=\"Partiolaisten adventtikalenterin painetut myyntijulisteet ja flyerit\" width=\"900\" height=\"659\" srcset=\"https:\/\/www.adventtikalenteri.fi\/myyjille\/wp-content\/uploads\/sites\/2\/2021\/09\/Julisteet-flyerit-2021-900x659.jpg 900w, https:\/\/www.adventtikalenteri.fi\/myyjille\/wp-content\/uploads\/sites\/2\/2021\/09\/Julisteet-flyerit-2021-1920x1405.jpg 1920w, https:\/\/www.adventtikalenteri.fi\/myyjille\/wp-content\/uploads\/sites\/2\/2021\/09\/Julisteet-flyerit-2021-768x562.jpg 768w, https:\/\/www.adventtikalenteri.fi\/myyjille\/wp-content\/uploads\/sites\/2\/2021\/09\/Julisteet-flyerit-2021-1536x1124.jpg 1536w, https:\/\/www.adventtikalenteri.fi\/myyjille\/wp-content\/uploads\/sites\/2\/2021\/09\/Julisteet-flyerit-2021-2048x1499.jpg 2048w, https:\/\/www.adventtikalenteri.fi\/myyjille\/wp-content\/uploads\/sites\/2\/2021\/09\/Julisteet-flyerit-2021-202x148.jpg 202w, https:\/\/www.adventtikalenteri.fi\/myyjille\/wp-content\/uploads\/sites\/2\/2021\/09\/Julisteet-flyerit-2021-765x560.jpg 765w\" sizes=\"auto, (max-width: 900px) 100vw, 900px\" \/><\/p>\n<p>Artikkelin p\u00e4\u00e4kuva: Kristiina Hemminki \/ Studio Fotonokka<br \/>\nKuvituskuva: Christel R\u00f6nns<\/p>\n","protected":false},"excerpt":{"rendered":"<p>Adventtikalentereita saa nyt myyd\u00e4 mielin m\u00e4\u00e4rin! Myyntiaika kest\u00e4\u00e4 5.12. asti,<\/p>\n","protected":false},"author":10,"featured_media":726,"comment_status":"closed","ping_status":"closed","sticky":false,"template":"","format":"standard","meta":{"_acf_changed":false,"_relevanssi_hide_post":"","_relevanssi_hide_content":"","_relevanssi_pin_for_all":"","_relevanssi_pin_keywords":"","_relevanssi_unpin_keywords":"","_relevanssi_related_keywords":"","_relevanssi_related_include_ids":"","_relevanssi_related_exclude_ids":"","_relevanssi_related_no_append":"","_relevanssi_related_not_related":"","_relevanssi_related_posts":"","_relevanssi_noindex_reason":"","footnotes":""},"categories":[1],"class_list":["post-1072","post","type-post","status-publish","format-standard","has-post-thumbnail","hentry","category-ajankohtaista"],"acf":[],"yoast_head":"<!-- This site is optimized with the Yoast SEO plugin v27.3 - https:\/\/yoast.com\/product\/yoast-seo-wordpress\/ -->\n<title>Myyntikausi k\u00e4ynnistyi - mit\u00e4s nyt? - Ohjesivusto adventtikalenterin myyjille<\/title>\n<meta name=\"description\" content=\"Partiolaisten adventtikalentereita saa nyt myyd\u00e4 5.12. asti. Kurkkaa muistilista timanttiseen kalenterikampanjan starttiin!\" \/>\n<meta name=\"robots\" content=\"index, follow, max-snippet:-1, max-image-preview:large, max-video-preview:-1\" \/>\n<link rel=\"canonical\" href=\"https:\/\/www.adventtikalenteri.fi\/myyjille\/myyntikausi-kaynnistyi\/\" \/>\n<meta property=\"og:locale\" content=\"fi_FI\" \/>\n<meta property=\"og:type\" content=\"article\" \/>\n<meta property=\"og:title\" content=\"Myyntikausi k\u00e4ynnistyi - mit\u00e4s nyt? - Ohjesivusto adventtikalenterin myyjille\" \/>\n<meta property=\"og:description\" content=\"Partiolaisten adventtikalentereita saa nyt myyd\u00e4 5.12. asti. Kurkkaa muistilista timanttiseen kalenterikampanjan starttiin!\" \/>\n<meta property=\"og:url\" content=\"https:\/\/www.adventtikalenteri.fi\/myyjille\/myyntikausi-kaynnistyi\/\" \/>\n<meta property=\"og:site_name\" content=\"Ohjesivusto adventtikalenterin myyjille\" \/>\n<meta property=\"article:published_time\" content=\"2021-10-15T15:22:56+00:00\" \/>\n<meta property=\"article:modified_time\" content=\"2021-10-19T13:08:25+00:00\" \/>\n<meta property=\"og:image\" content=\"https:\/\/www.adventtikalenteri.fi\/myyjille\/wp-content\/uploads\/sites\/2\/2021\/09\/20210819_Partiolaiset_30616-scaled.jpg\" \/>\n\t<meta property=\"og:image:width\" content=\"2560\" \/>\n\t<meta property=\"og:image:height\" content=\"1713\" \/>\n\t<meta property=\"og:image:type\" content=\"image\/jpeg\" \/>\n<meta name=\"author\" content=\"Kati Pankka\" \/>\n<meta name=\"twitter:card\" content=\"summary_large_image\" \/>\n<meta name=\"twitter:label1\" content=\"Kirjoittanut\" \/>\n\t<meta name=\"twitter:data1\" content=\"Kati Pankka\" \/>\n\t<meta name=\"twitter:label2\" content=\"Arvioitu lukuaika\" \/>\n\t<meta name=\"twitter:data2\" content=\"1 minuutti\" \/>\n<script type=\"application\/ld+json\" class=\"yoast-schema-graph\">{\"@context\":\"https:\\\/\\\/schema.org\",\"@graph\":[{\"@type\":\"Article\",\"@id\":\"https:\\\/\\\/www.adventtikalenteri.fi\\\/myyjille\\\/myyntikausi-kaynnistyi\\\/#article\",\"isPartOf\":{\"@id\":\"https:\\\/\\\/www.adventtikalenteri.fi\\\/myyjille\\\/myyntikausi-kaynnistyi\\\/\"},\"author\":{\"name\":\"Kati Pankka\",\"@id\":\"https:\\\/\\\/www.adventtikalenteri.fi\\\/myyjille\\\/#\\\/schema\\\/person\\\/36ba693a341abfc7fd69e8c98dc3935b\"},\"headline\":\"Myyntikausi k\u00e4ynnistyi &#8211; mit\u00e4s nyt?\",\"datePublished\":\"2021-10-15T15:22:56+00:00\",\"dateModified\":\"2021-10-19T13:08:25+00:00\",\"mainEntityOfPage\":{\"@id\":\"https:\\\/\\\/www.adventtikalenteri.fi\\\/myyjille\\\/myyntikausi-kaynnistyi\\\/\"},\"wordCount\":160,\"image\":{\"@id\":\"https:\\\/\\\/www.adventtikalenteri.fi\\\/myyjille\\\/myyntikausi-kaynnistyi\\\/#primaryimage\"},\"thumbnailUrl\":\"https:\\\/\\\/www.adventtikalenteri.fi\\\/myyjille\\\/wp-content\\\/uploads\\\/sites\\\/2\\\/2021\\\/09\\\/20210819_Partiolaiset_30616-scaled.jpg\",\"articleSection\":[\"Ajankohtaista\"],\"inLanguage\":\"fi\"},{\"@type\":\"WebPage\",\"@id\":\"https:\\\/\\\/www.adventtikalenteri.fi\\\/myyjille\\\/myyntikausi-kaynnistyi\\\/\",\"url\":\"https:\\\/\\\/www.adventtikalenteri.fi\\\/myyjille\\\/myyntikausi-kaynnistyi\\\/\",\"name\":\"Myyntikausi k\u00e4ynnistyi - mit\u00e4s nyt? - Ohjesivusto adventtikalenterin myyjille\",\"isPartOf\":{\"@id\":\"https:\\\/\\\/www.adventtikalenteri.fi\\\/myyjille\\\/#website\"},\"primaryImageOfPage\":{\"@id\":\"https:\\\/\\\/www.adventtikalenteri.fi\\\/myyjille\\\/myyntikausi-kaynnistyi\\\/#primaryimage\"},\"image\":{\"@id\":\"https:\\\/\\\/www.adventtikalenteri.fi\\\/myyjille\\\/myyntikausi-kaynnistyi\\\/#primaryimage\"},\"thumbnailUrl\":\"https:\\\/\\\/www.adventtikalenteri.fi\\\/myyjille\\\/wp-content\\\/uploads\\\/sites\\\/2\\\/2021\\\/09\\\/20210819_Partiolaiset_30616-scaled.jpg\",\"datePublished\":\"2021-10-15T15:22:56+00:00\",\"dateModified\":\"2021-10-19T13:08:25+00:00\",\"author\":{\"@id\":\"https:\\\/\\\/www.adventtikalenteri.fi\\\/myyjille\\\/#\\\/schema\\\/person\\\/36ba693a341abfc7fd69e8c98dc3935b\"},\"description\":\"Partiolaisten adventtikalentereita saa nyt myyd\u00e4 5.12. asti. Kurkkaa muistilista timanttiseen kalenterikampanjan starttiin!\",\"breadcrumb\":{\"@id\":\"https:\\\/\\\/www.adventtikalenteri.fi\\\/myyjille\\\/myyntikausi-kaynnistyi\\\/#breadcrumb\"},\"inLanguage\":\"fi\",\"potentialAction\":[{\"@type\":\"ReadAction\",\"target\":[\"https:\\\/\\\/www.adventtikalenteri.fi\\\/myyjille\\\/myyntikausi-kaynnistyi\\\/\"]}]},{\"@type\":\"ImageObject\",\"inLanguage\":\"fi\",\"@id\":\"https:\\\/\\\/www.adventtikalenteri.fi\\\/myyjille\\\/myyntikausi-kaynnistyi\\\/#primaryimage\",\"url\":\"https:\\\/\\\/www.adventtikalenteri.fi\\\/myyjille\\\/wp-content\\\/uploads\\\/sites\\\/2\\\/2021\\\/09\\\/20210819_Partiolaiset_30616-scaled.jpg\",\"contentUrl\":\"https:\\\/\\\/www.adventtikalenteri.fi\\\/myyjille\\\/wp-content\\\/uploads\\\/sites\\\/2\\\/2021\\\/09\\\/20210819_Partiolaiset_30616-scaled.jpg\",\"width\":2560,\"height\":1713,\"caption\":\"Kaksi partiolaista adventtikalenterinmyyj\u00e4\u00e4 ja ostaja ovensuussa\"},{\"@type\":\"BreadcrumbList\",\"@id\":\"https:\\\/\\\/www.adventtikalenteri.fi\\\/myyjille\\\/myyntikausi-kaynnistyi\\\/#breadcrumb\",\"itemListElement\":[{\"@type\":\"ListItem\",\"position\":1,\"name\":\"Etusivu\",\"item\":\"https:\\\/\\\/www.adventtikalenteri.fi\\\/myyjille\\\/\"},{\"@type\":\"ListItem\",\"position\":2,\"name\":\"Myyntikausi k\u00e4ynnistyi &#8211; mit\u00e4s nyt?\"}]},{\"@type\":\"WebSite\",\"@id\":\"https:\\\/\\\/www.adventtikalenteri.fi\\\/myyjille\\\/#website\",\"url\":\"https:\\\/\\\/www.adventtikalenteri.fi\\\/myyjille\\\/\",\"name\":\"Ohjesivusto adventtikalenterin myyjille\",\"description\":\"\",\"potentialAction\":[{\"@type\":\"SearchAction\",\"target\":{\"@type\":\"EntryPoint\",\"urlTemplate\":\"https:\\\/\\\/www.adventtikalenteri.fi\\\/myyjille\\\/?s={search_term_string}\"},\"query-input\":{\"@type\":\"PropertyValueSpecification\",\"valueRequired\":true,\"valueName\":\"search_term_string\"}}],\"inLanguage\":\"fi\"},{\"@type\":\"Person\",\"@id\":\"https:\\\/\\\/www.adventtikalenteri.fi\\\/myyjille\\\/#\\\/schema\\\/person\\\/36ba693a341abfc7fd69e8c98dc3935b\",\"name\":\"Kati Pankka\",\"url\":\"https:\\\/\\\/www.adventtikalenteri.fi\\\/myyjille\\\/author\\\/katipankka\\\/\"}]}<\/script>\n<!-- \/ Yoast SEO plugin. -->","yoast_head_json":{"title":"Myyntikausi k\u00e4ynnistyi - mit\u00e4s nyt? - Ohjesivusto adventtikalenterin myyjille","description":"Partiolaisten adventtikalentereita saa nyt myyd\u00e4 5.12. asti. Kurkkaa muistilista timanttiseen kalenterikampanjan starttiin!","robots":{"index":"index","follow":"follow","max-snippet":"max-snippet:-1","max-image-preview":"max-image-preview:large","max-video-preview":"max-video-preview:-1"},"canonical":"https:\/\/www.adventtikalenteri.fi\/myyjille\/myyntikausi-kaynnistyi\/","og_locale":"fi_FI","og_type":"article","og_title":"Myyntikausi k\u00e4ynnistyi - mit\u00e4s nyt? - Ohjesivusto adventtikalenterin myyjille","og_description":"Partiolaisten adventtikalentereita saa nyt myyd\u00e4 5.12. asti. Kurkkaa muistilista timanttiseen kalenterikampanjan starttiin!","og_url":"https:\/\/www.adventtikalenteri.fi\/myyjille\/myyntikausi-kaynnistyi\/","og_site_name":"Ohjesivusto adventtikalenterin myyjille","article_published_time":"2021-10-15T15:22:56+00:00","article_modified_time":"2021-10-19T13:08:25+00:00","og_image":[{"width":2560,"height":1713,"url":"https:\/\/www.adventtikalenteri.fi\/myyjille\/wp-content\/uploads\/sites\/2\/2021\/09\/20210819_Partiolaiset_30616-scaled.jpg","type":"image\/jpeg"}],"author":"Kati Pankka","twitter_card":"summary_large_image","twitter_misc":{"Kirjoittanut":"Kati Pankka","Arvioitu lukuaika":"1 minuutti"},"schema":{"@context":"https:\/\/schema.org","@graph":[{"@type":"Article","@id":"https:\/\/www.adventtikalenteri.fi\/myyjille\/myyntikausi-kaynnistyi\/#article","isPartOf":{"@id":"https:\/\/www.adventtikalenteri.fi\/myyjille\/myyntikausi-kaynnistyi\/"},"author":{"name":"Kati Pankka","@id":"https:\/\/www.adventtikalenteri.fi\/myyjille\/#\/schema\/person\/36ba693a341abfc7fd69e8c98dc3935b"},"headline":"Myyntikausi k\u00e4ynnistyi &#8211; mit\u00e4s nyt?","datePublished":"2021-10-15T15:22:56+00:00","dateModified":"2021-10-19T13:08:25+00:00","mainEntityOfPage":{"@id":"https:\/\/www.adventtikalenteri.fi\/myyjille\/myyntikausi-kaynnistyi\/"},"wordCount":160,"image":{"@id":"https:\/\/www.adventtikalenteri.fi\/myyjille\/myyntikausi-kaynnistyi\/#primaryimage"},"thumbnailUrl":"https:\/\/www.adventtikalenteri.fi\/myyjille\/wp-content\/uploads\/sites\/2\/2021\/09\/20210819_Partiolaiset_30616-scaled.jpg","articleSection":["Ajankohtaista"],"inLanguage":"fi"},{"@type":"WebPage","@id":"https:\/\/www.adventtikalenteri.fi\/myyjille\/myyntikausi-kaynnistyi\/","url":"https:\/\/www.adventtikalenteri.fi\/myyjille\/myyntikausi-kaynnistyi\/","name":"Myyntikausi k\u00e4ynnistyi - mit\u00e4s nyt? - Ohjesivusto adventtikalenterin myyjille","isPartOf":{"@id":"https:\/\/www.adventtikalenteri.fi\/myyjille\/#website"},"primaryImageOfPage":{"@id":"https:\/\/www.adventtikalenteri.fi\/myyjille\/myyntikausi-kaynnistyi\/#primaryimage"},"image":{"@id":"https:\/\/www.adventtikalenteri.fi\/myyjille\/myyntikausi-kaynnistyi\/#primaryimage"},"thumbnailUrl":"https:\/\/www.adventtikalenteri.fi\/myyjille\/wp-content\/uploads\/sites\/2\/2021\/09\/20210819_Partiolaiset_30616-scaled.jpg","datePublished":"2021-10-15T15:22:56+00:00","dateModified":"2021-10-19T13:08:25+00:00","author":{"@id":"https:\/\/www.adventtikalenteri.fi\/myyjille\/#\/schema\/person\/36ba693a341abfc7fd69e8c98dc3935b"},"description":"Partiolaisten adventtikalentereita saa nyt myyd\u00e4 5.12. asti. Kurkkaa muistilista timanttiseen kalenterikampanjan starttiin!","breadcrumb":{"@id":"https:\/\/www.adventtikalenteri.fi\/myyjille\/myyntikausi-kaynnistyi\/#breadcrumb"},"inLanguage":"fi","potentialAction":[{"@type":"ReadAction","target":["https:\/\/www.adventtikalenteri.fi\/myyjille\/myyntikausi-kaynnistyi\/"]}]},{"@type":"ImageObject","inLanguage":"fi","@id":"https:\/\/www.adventtikalenteri.fi\/myyjille\/myyntikausi-kaynnistyi\/#primaryimage","url":"https:\/\/www.adventtikalenteri.fi\/myyjille\/wp-content\/uploads\/sites\/2\/2021\/09\/20210819_Partiolaiset_30616-scaled.jpg","contentUrl":"https:\/\/www.adventtikalenteri.fi\/myyjille\/wp-content\/uploads\/sites\/2\/2021\/09\/20210819_Partiolaiset_30616-scaled.jpg","width":2560,"height":1713,"caption":"Kaksi partiolaista adventtikalenterinmyyj\u00e4\u00e4 ja ostaja ovensuussa"},{"@type":"BreadcrumbList","@id":"https:\/\/www.adventtikalenteri.fi\/myyjille\/myyntikausi-kaynnistyi\/#breadcrumb","itemListElement":[{"@type":"ListItem","position":1,"name":"Etusivu","item":"https:\/\/www.adventtikalenteri.fi\/myyjille\/"},{"@type":"ListItem","position":2,"name":"Myyntikausi k\u00e4ynnistyi &#8211; mit\u00e4s nyt?"}]},{"@type":"WebSite","@id":"https:\/\/www.adventtikalenteri.fi\/myyjille\/#website","url":"https:\/\/www.adventtikalenteri.fi\/myyjille\/","name":"Ohjesivusto adventtikalenterin myyjille","description":"","potentialAction":[{"@type":"SearchAction","target":{"@type":"EntryPoint","urlTemplate":"https:\/\/www.adventtikalenteri.fi\/myyjille\/?s={search_term_string}"},"query-input":{"@type":"PropertyValueSpecification","valueRequired":true,"valueName":"search_term_string"}}],"inLanguage":"fi"},{"@type":"Person","@id":"https:\/\/www.adventtikalenteri.fi\/myyjille\/#\/schema\/person\/36ba693a341abfc7fd69e8c98dc3935b","name":"Kati Pankka","url":"https:\/\/www.adventtikalenteri.fi\/myyjille\/author\/katipankka\/"}]}},"_links":{"self":[{"href":"https:\/\/www.adventtikalenteri.fi\/myyjille\/wp-json\/wp\/v2\/posts\/1072","targetHints":{"allow":["GET"]}}],"collection":[{"href":"https:\/\/www.adventtikalenteri.fi\/myyjille\/wp-json\/wp\/v2\/posts"}],"about":[{"href":"https:\/\/www.adventtikalenteri.fi\/myyjille\/wp-json\/wp\/v2\/types\/post"}],"author":[{"embeddable":true,"href":"https:\/\/www.adventtikalenteri.fi\/myyjille\/wp-json\/wp\/v2\/users\/10"}],"replies":[{"embeddable":true,"href":"https:\/\/www.adventtikalenteri.fi\/myyjille\/wp-json\/wp\/v2\/comments?post=1072"}],"version-history":[{"count":10,"href":"https:\/\/www.adventtikalenteri.fi\/myyjille\/wp-json\/wp\/v2\/posts\/1072\/revisions"}],"predecessor-version":[{"id":1084,"href":"https:\/\/www.adventtikalenteri.fi\/myyjille\/wp-json\/wp\/v2\/posts\/1072\/revisions\/1084"}],"wp:featuredmedia":[{"embeddable":true,"href":"https:\/\/www.adventtikalenteri.fi\/myyjille\/wp-json\/wp\/v2\/media\/726"}],"wp:attachment":[{"href":"https:\/\/www.adventtikalenteri.fi\/myyjille\/wp-json\/wp\/v2\/media?parent=1072"}],"wp:term":[{"taxonomy":"category","embeddable":true,"href":"https:\/\/www.adventtikalenteri.fi\/myyjille\/wp-json\/wp\/v2\/categories?post=1072"}],"curies":[{"name":"wp","href":"https:\/\/api.w.org\/{rel}","templated":true}]}}