{"id":2759,"date":"2023-11-06T14:20:25","date_gmt":"2023-11-06T12:20:25","guid":{"rendered":"https:\/\/www.adventtikalenteri.fi\/myyjille\/?p=2759"},"modified":"2025-08-28T15:56:16","modified_gmt":"2025-08-28T12:56:16","slug":"hyodynna-adventtikalenterit-lippukunnan-vaikuttamistyossa","status":"publish","type":"post","link":"https:\/\/www.adventtikalenteri.fi\/myyjille\/hyodynna-adventtikalenterit-lippukunnan-vaikuttamistyossa\/","title":{"rendered":"Hy\u00f6dynn\u00e4 adventtikalenterit lippukunnan vaikuttamisty\u00f6ss\u00e4"},"content":{"rendered":"\n<p class=\"is-style-lead\">Lippukunnan kannattaa kiitt\u00e4\u00e4 ja ilahduttaa my\u00f6s yhteisty\u00f6kumppaneita adventtikalenteritervehdyksell\u00e4. Kalenterin vieminen antaa samalla hyv\u00e4n hetken puhua p\u00e4\u00e4tt\u00e4jille lippukunnan tilanteesta, toiminnasta ja avun tarpeista.&nbsp;<\/p>\n\n\n\n<p>Jokainen lippukunta voi lahjoittaaa kaksi adventtikalenteria, niin ett\u00e4 lippukunnan ei itse tarvitse maksaa n\u00e4it\u00e4 kalentereita.&nbsp;Jos haluatte lahjoittaa enemm\u00e4n kalentereita, voitte tehd\u00e4 sen omalla kustannuksellanne. Kurkkaa my\u00f6s ohjeet myyntiajan p\u00e4\u00e4tytty\u00e4 teht\u00e4viin <a href=\"https:\/\/www.adventtikalenteri.fi\/myyjille\/myynti\/hyvantekevaisyysmyynti\/\">palautuslahjoituksiin ja hyv\u00e4ntekev\u00e4isyysmyyntiin<\/a>.<\/p>\n\n\n\n<h2 class=\"wp-block-heading\"><strong>Kenelle?<\/strong>&nbsp;<\/h2>\n\n\n\n<p>Lahjoituksen voi tehd\u00e4 kenelle vain sidosryhm\u00e4n edustajalle ja toimintaanne tukevalle ihmiselle. N\u00e4it\u00e4 voivat olla esimerkiksi:&nbsp;<\/p>\n\n\n\n<ul class=\"wp-block-list\">\n<li>Kunnan\/kaupungin johtajat&nbsp;<\/li>\n\n\n\n<li>Kirkkoherra&nbsp;<\/li>\n\n\n\n<li>Seppo (seurakunnan partioty\u00f6ntekij\u00e4)&nbsp;<\/li>\n\n\n\n<li>Vuokranantaja: koulu, asukastila, nuorisotila ym.&nbsp;<\/li>\n<\/ul>\n\n\n\n<h2 class=\"wp-block-heading\"><strong>Valmistautuminen tapaamiseen&nbsp;<\/strong><\/h2>\n\n\n\n<figure class=\"wp-block-image alignright size-full is-resized\"><img loading=\"lazy\" decoding=\"async\" width=\"729\" height=\"656\" src=\"https:\/\/www.adventtikalenteri.fi\/myyjille\/wp-content\/uploads\/sites\/2\/2025\/08\/advis_hiiri_paketti.png\" alt=\"\" class=\"wp-image-3718\" style=\"width:376px;height:auto\" srcset=\"https:\/\/www.adventtikalenteri.fi\/myyjille\/wp-content\/uploads\/sites\/2\/2025\/08\/advis_hiiri_paketti.png 729w, https:\/\/www.adventtikalenteri.fi\/myyjille\/wp-content\/uploads\/sites\/2\/2025\/08\/advis_hiiri_paketti-164x148.png 164w\" sizes=\"auto, (max-width: 709px) 85vw, (max-width: 909px) 67vw, (max-width: 984px) 61vw, (max-width: 1362px) 45vw, 600px\" \/><\/figure>\n\n\n\n<ul class=\"wp-block-list\">\n<li>Laita viesti\u00e4 tai soita suoraan kaupunginjohtajalle\/kirkkoherralle\/muulle taholle tai h\u00e4nen sihteerillens\u00e4 (jos sellainen on) sopiaksesi tapaaminen (aika ja paikka)\u202f&nbsp;<\/li>\n\n\n\n<li>Tapaamisen esimerkiksi kunnanjohtajan tai kirkkoherran kanssa voi sopia kaikkien alueen lippukuntien kanssa&nbsp;&nbsp;<\/li>\n\n\n\n<li>Tapaamisen sopimisen yhteydess\u00e4 sopikaa, kuka\/ketk\u00e4 menev\u00e4t tapaamiseen\u202f&nbsp;<\/li>\n\n\n\n<li>Tapaamisp\u00e4iv\u00e4n\u00e4 paikan p\u00e4\u00e4lle kannattaa saapua ajoissa, esim. varttia ennen tapaamista\u202f&nbsp;<\/li>\n\n\n\n<li>Pukeutuminen: partiopaita ja lippukuntahuivi. Alaosa voi olla mit\u00e4 vaan rentoa mutta siisti\u00e4 farkut, hame tms.&nbsp;<\/li>\n<\/ul>\n\n\n\n<h2 class=\"wp-block-heading\"><strong>Mist\u00e4 puhutaan<\/strong>&nbsp;<\/h2>\n\n\n\n<p>Tilaisuus on hyv\u00e4 hetki kertoa toimintaanne vaikuttavalle taholle partiosta ja lippukuntanne toiminnasta ja tarpeista esimerkiksi:&nbsp;<\/p>\n\n\n\n<ul class=\"wp-block-list\">\n<li>Kuinka paljon j\u00e4seni\u00e4 lippukunnassanne on ja millaista toimintaa j\u00e4rjest\u00e4tte ja mill\u00e4 alueella&nbsp;<\/li>\n\n\n\n<li>Miten lippukunnan vuosi on sujunut&nbsp;&nbsp;<\/li>\n<\/ul>\n\n\n\n<ul class=\"wp-block-list\">\n<li>Onko lippukunnalla tai alueella tulossa isompi leiri tai tapahtuma, jonne voisitte esitt\u00e4\u00e4 kutsun?&nbsp;<\/li>\n\n\n\n<li>Mit\u00e4 toiveita lippukunnalla on yhteisty\u00f6lle&nbsp;<\/li>\n\n\n\n<li>Lippukuntanne tilatarpeista: Partiota j\u00e4rjestet\u00e4\u00e4n l\u00e4hialueen nuorille ja lapsille toimintaa, johon kaikki ovat tervetulleita. T\u00e4h\u00e4n tarvitaan tiloja, jotka ovat siell\u00e4, miss\u00e4 lapset ja nuoret ovat. Onko alueella tiloja, joita voisi laajemmin hy\u00f6dynt\u00e4\u00e4 partiotoiminnassa?&nbsp;<\/li>\n\n\n\n<li>Muita t\u00e4rkeit\u00e4 ja ajankohtaisia aiheita&nbsp;<\/li>\n\n\n\n<li>Mahdollisia omakohtaisia kokemuksia partiosta&nbsp;<\/li>\n<\/ul>\n\n\n\n<ul class=\"wp-block-list\">\n<li>Kiitokset kuluneen vuoden yhteysty\u00f6st\u00e4&nbsp;<\/li>\n<\/ul>\n\n\n\n<p>Tapaamisesta voi ottaa yhteiskuvan ja jakaa vaikka lippukunnan somessa&nbsp;&nbsp;<\/p>\n\n\n\n<h2 class=\"wp-block-heading\"><strong>Ohjeet Kuksan k\u00e4ytt\u00f6\u00f6n&nbsp;<\/strong><\/h2>\n\n\n\n<figure class=\"wp-block-image alignright size-full is-resized\"><img loading=\"lazy\" decoding=\"async\" width=\"681\" height=\"616\" src=\"https:\/\/www.adventtikalenteri.fi\/myyjille\/wp-content\/uploads\/sites\/2\/2025\/08\/advis_hiiret.png\" alt=\"\" class=\"wp-image-3682\" style=\"aspect-ratio:1.1888544891640866;width:434px;height:auto\" srcset=\"https:\/\/www.adventtikalenteri.fi\/myyjille\/wp-content\/uploads\/sites\/2\/2025\/08\/advis_hiiret.png 681w, https:\/\/www.adventtikalenteri.fi\/myyjille\/wp-content\/uploads\/sites\/2\/2025\/08\/advis_hiiret-164x148.png 164w\" sizes=\"auto, (max-width: 709px) 85vw, (max-width: 909px) 67vw, (max-width: 984px) 61vw, (max-width: 1362px) 45vw, 600px\" \/><\/figure>\n\n\n\n<p>Joulukampanjap\u00e4\u00e4llikk\u00f6 merkkaa lahjoituksen Kuksan tilausj\u00e4rjestelm\u00e4\u00e4n. \u201dLis\u00e4\u00e4 lahjoitus\u201d-painike on samassa kohtaa, kuin tilauksen tekeminen ja lomakkeeseen t\u00e4ytet\u00e4\u00e4n seuraavat tiedot:&nbsp;&nbsp;<\/p>\n\n\n\n<ul class=\"wp-block-list\">\n<li>Lahjoitettava m\u00e4\u00e4r\u00e4&nbsp;<\/li>\n<\/ul>\n\n\n\n<ul class=\"wp-block-list\">\n<li>Vastaanottajan nimi&nbsp;<\/li>\n\n\n\n<li>Vastaanottajan yhteis\u00f6&nbsp;<\/li>\n\n\n\n<li>Lahjoituksen perille toimittanut henkil\u00f6&nbsp;<\/li>\n\n\n\n<li>Lis\u00e4\u00e4 ohjeita <a href=\"https:\/\/www.adventtikalenteri.fi\/myyjille\/kampanjan-hallinta\/kampanjan-kaynnistaminen\/kuksa-tilausjarjestelman-kayttoohjeet\/\">Kuksaan<\/a><\/li>\n<\/ul>\n","protected":false},"excerpt":{"rendered":"<p>Lippukunnan kannattaa kiitt\u00e4\u00e4 ja ilahduttaa my\u00f6s yhteisty\u00f6kumppaneita adventtikalenteritervehdyksell\u00e4. Kalenterin vieminen<\/p>\n","protected":false},"author":16,"featured_media":3730,"comment_status":"closed","ping_status":"closed","sticky":false,"template":"","format":"standard","meta":{"_acf_changed":false,"_relevanssi_hide_post":"","_relevanssi_hide_content":"","_relevanssi_pin_for_all":"","_relevanssi_pin_keywords":"","_relevanssi_unpin_keywords":"","_relevanssi_related_keywords":"","_relevanssi_related_include_ids":"","_relevanssi_related_exclude_ids":"","_relevanssi_related_no_append":"","_relevanssi_related_not_related":"","_relevanssi_related_posts":"870,1159,2643,1687,1946,1916","_relevanssi_noindex_reason":"","footnotes":""},"categories":[1],"class_list":["post-2759","post","type-post","status-publish","format-standard","has-post-thumbnail","hentry","category-ajankohtaista"],"acf":[],"yoast_head":"<!-- This site is optimized with the Yoast SEO plugin v27.3 - https:\/\/yoast.com\/product\/yoast-seo-wordpress\/ -->\n<title>Hy\u00f6dynn\u00e4 adventtikalenterit lippukunnan vaikuttamisty\u00f6ss\u00e4 - Ohjesivusto adventtikalenterin myyjille<\/title>\n<meta name=\"robots\" content=\"index, follow, max-snippet:-1, max-image-preview:large, max-video-preview:-1\" \/>\n<link rel=\"canonical\" href=\"https:\/\/www.adventtikalenteri.fi\/myyjille\/hyodynna-adventtikalenterit-lippukunnan-vaikuttamistyossa\/\" \/>\n<meta property=\"og:locale\" content=\"fi_FI\" \/>\n<meta property=\"og:type\" content=\"article\" \/>\n<meta property=\"og:title\" content=\"Hy\u00f6dynn\u00e4 adventtikalenterit lippukunnan vaikuttamisty\u00f6ss\u00e4 - Ohjesivusto adventtikalenterin myyjille\" \/>\n<meta property=\"og:description\" content=\"Lippukunnan kannattaa kiitt\u00e4\u00e4 ja ilahduttaa my\u00f6s yhteisty\u00f6kumppaneita adventtikalenteritervehdyksell\u00e4. Kalenterin vieminen\" \/>\n<meta property=\"og:url\" content=\"https:\/\/www.adventtikalenteri.fi\/myyjille\/hyodynna-adventtikalenterit-lippukunnan-vaikuttamistyossa\/\" \/>\n<meta property=\"og:site_name\" content=\"Ohjesivusto adventtikalenterin myyjille\" \/>\n<meta property=\"article:published_time\" content=\"2023-11-06T12:20:25+00:00\" \/>\n<meta property=\"article:modified_time\" content=\"2025-08-28T12:56:16+00:00\" \/>\n<meta property=\"og:image\" content=\"https:\/\/www.adventtikalenteri.fi\/myyjille\/wp-content\/uploads\/sites\/2\/2023\/11\/Advis-2025-ISOT-34-scaled.jpg\" \/>\n\t<meta property=\"og:image:width\" content=\"2560\" \/>\n\t<meta property=\"og:image:height\" content=\"1707\" \/>\n\t<meta property=\"og:image:type\" content=\"image\/jpeg\" \/>\n<meta name=\"author\" content=\"iinaleppaaho\" \/>\n<meta name=\"twitter:card\" content=\"summary_large_image\" \/>\n<meta name=\"twitter:label1\" content=\"Kirjoittanut\" \/>\n\t<meta name=\"twitter:data1\" content=\"iinaleppaaho\" \/>\n\t<meta name=\"twitter:label2\" content=\"Arvioitu lukuaika\" \/>\n\t<meta name=\"twitter:data2\" content=\"3 minuuttia\" \/>\n<script type=\"application\/ld+json\" class=\"yoast-schema-graph\">{\"@context\":\"https:\\\/\\\/schema.org\",\"@graph\":[{\"@type\":\"Article\",\"@id\":\"https:\\\/\\\/www.adventtikalenteri.fi\\\/myyjille\\\/hyodynna-adventtikalenterit-lippukunnan-vaikuttamistyossa\\\/#article\",\"isPartOf\":{\"@id\":\"https:\\\/\\\/www.adventtikalenteri.fi\\\/myyjille\\\/hyodynna-adventtikalenterit-lippukunnan-vaikuttamistyossa\\\/\"},\"author\":{\"name\":\"iinaleppaaho\",\"@id\":\"https:\\\/\\\/www.adventtikalenteri.fi\\\/myyjille\\\/#\\\/schema\\\/person\\\/d63e90bd3560b931364318ea0f0ea005\"},\"headline\":\"Hy\u00f6dynn\u00e4 adventtikalenterit lippukunnan vaikuttamisty\u00f6ss\u00e4\",\"datePublished\":\"2023-11-06T12:20:25+00:00\",\"dateModified\":\"2025-08-28T12:56:16+00:00\",\"mainEntityOfPage\":{\"@id\":\"https:\\\/\\\/www.adventtikalenteri.fi\\\/myyjille\\\/hyodynna-adventtikalenterit-lippukunnan-vaikuttamistyossa\\\/\"},\"wordCount\":373,\"image\":{\"@id\":\"https:\\\/\\\/www.adventtikalenteri.fi\\\/myyjille\\\/hyodynna-adventtikalenterit-lippukunnan-vaikuttamistyossa\\\/#primaryimage\"},\"thumbnailUrl\":\"https:\\\/\\\/www.adventtikalenteri.fi\\\/myyjille\\\/wp-content\\\/uploads\\\/sites\\\/2\\\/2023\\\/11\\\/Advis-2025-ISOT-34-scaled.jpg\",\"articleSection\":[\"Ajankohtaista\"],\"inLanguage\":\"fi\"},{\"@type\":\"WebPage\",\"@id\":\"https:\\\/\\\/www.adventtikalenteri.fi\\\/myyjille\\\/hyodynna-adventtikalenterit-lippukunnan-vaikuttamistyossa\\\/\",\"url\":\"https:\\\/\\\/www.adventtikalenteri.fi\\\/myyjille\\\/hyodynna-adventtikalenterit-lippukunnan-vaikuttamistyossa\\\/\",\"name\":\"Hy\u00f6dynn\u00e4 adventtikalenterit lippukunnan vaikuttamisty\u00f6ss\u00e4 - Ohjesivusto adventtikalenterin myyjille\",\"isPartOf\":{\"@id\":\"https:\\\/\\\/www.adventtikalenteri.fi\\\/myyjille\\\/#website\"},\"primaryImageOfPage\":{\"@id\":\"https:\\\/\\\/www.adventtikalenteri.fi\\\/myyjille\\\/hyodynna-adventtikalenterit-lippukunnan-vaikuttamistyossa\\\/#primaryimage\"},\"image\":{\"@id\":\"https:\\\/\\\/www.adventtikalenteri.fi\\\/myyjille\\\/hyodynna-adventtikalenterit-lippukunnan-vaikuttamistyossa\\\/#primaryimage\"},\"thumbnailUrl\":\"https:\\\/\\\/www.adventtikalenteri.fi\\\/myyjille\\\/wp-content\\\/uploads\\\/sites\\\/2\\\/2023\\\/11\\\/Advis-2025-ISOT-34-scaled.jpg\",\"datePublished\":\"2023-11-06T12:20:25+00:00\",\"dateModified\":\"2025-08-28T12:56:16+00:00\",\"author\":{\"@id\":\"https:\\\/\\\/www.adventtikalenteri.fi\\\/myyjille\\\/#\\\/schema\\\/person\\\/d63e90bd3560b931364318ea0f0ea005\"},\"breadcrumb\":{\"@id\":\"https:\\\/\\\/www.adventtikalenteri.fi\\\/myyjille\\\/hyodynna-adventtikalenterit-lippukunnan-vaikuttamistyossa\\\/#breadcrumb\"},\"inLanguage\":\"fi\",\"potentialAction\":[{\"@type\":\"ReadAction\",\"target\":[\"https:\\\/\\\/www.adventtikalenteri.fi\\\/myyjille\\\/hyodynna-adventtikalenterit-lippukunnan-vaikuttamistyossa\\\/\"]}]},{\"@type\":\"ImageObject\",\"inLanguage\":\"fi\",\"@id\":\"https:\\\/\\\/www.adventtikalenteri.fi\\\/myyjille\\\/hyodynna-adventtikalenterit-lippukunnan-vaikuttamistyossa\\\/#primaryimage\",\"url\":\"https:\\\/\\\/www.adventtikalenteri.fi\\\/myyjille\\\/wp-content\\\/uploads\\\/sites\\\/2\\\/2023\\\/11\\\/Advis-2025-ISOT-34-scaled.jpg\",\"contentUrl\":\"https:\\\/\\\/www.adventtikalenteri.fi\\\/myyjille\\\/wp-content\\\/uploads\\\/sites\\\/2\\\/2023\\\/11\\\/Advis-2025-ISOT-34-scaled.jpg\",\"width\":2560,\"height\":1707},{\"@type\":\"BreadcrumbList\",\"@id\":\"https:\\\/\\\/www.adventtikalenteri.fi\\\/myyjille\\\/hyodynna-adventtikalenterit-lippukunnan-vaikuttamistyossa\\\/#breadcrumb\",\"itemListElement\":[{\"@type\":\"ListItem\",\"position\":1,\"name\":\"Etusivu\",\"item\":\"https:\\\/\\\/www.adventtikalenteri.fi\\\/myyjille\\\/\"},{\"@type\":\"ListItem\",\"position\":2,\"name\":\"Hy\u00f6dynn\u00e4 adventtikalenterit lippukunnan vaikuttamisty\u00f6ss\u00e4\"}]},{\"@type\":\"WebSite\",\"@id\":\"https:\\\/\\\/www.adventtikalenteri.fi\\\/myyjille\\\/#website\",\"url\":\"https:\\\/\\\/www.adventtikalenteri.fi\\\/myyjille\\\/\",\"name\":\"Ohjesivusto adventtikalenterin myyjille\",\"description\":\"\",\"potentialAction\":[{\"@type\":\"SearchAction\",\"target\":{\"@type\":\"EntryPoint\",\"urlTemplate\":\"https:\\\/\\\/www.adventtikalenteri.fi\\\/myyjille\\\/?s={search_term_string}\"},\"query-input\":{\"@type\":\"PropertyValueSpecification\",\"valueRequired\":true,\"valueName\":\"search_term_string\"}}],\"inLanguage\":\"fi\"},{\"@type\":\"Person\",\"@id\":\"https:\\\/\\\/www.adventtikalenteri.fi\\\/myyjille\\\/#\\\/schema\\\/person\\\/d63e90bd3560b931364318ea0f0ea005\",\"name\":\"iinaleppaaho\",\"url\":\"https:\\\/\\\/www.adventtikalenteri.fi\\\/myyjille\\\/author\\\/iinaleppaaho\\\/\"}]}<\/script>\n<!-- \/ Yoast SEO plugin. -->","yoast_head_json":{"title":"Hy\u00f6dynn\u00e4 adventtikalenterit lippukunnan vaikuttamisty\u00f6ss\u00e4 - Ohjesivusto adventtikalenterin myyjille","robots":{"index":"index","follow":"follow","max-snippet":"max-snippet:-1","max-image-preview":"max-image-preview:large","max-video-preview":"max-video-preview:-1"},"canonical":"https:\/\/www.adventtikalenteri.fi\/myyjille\/hyodynna-adventtikalenterit-lippukunnan-vaikuttamistyossa\/","og_locale":"fi_FI","og_type":"article","og_title":"Hy\u00f6dynn\u00e4 adventtikalenterit lippukunnan vaikuttamisty\u00f6ss\u00e4 - Ohjesivusto adventtikalenterin myyjille","og_description":"Lippukunnan kannattaa kiitt\u00e4\u00e4 ja ilahduttaa my\u00f6s yhteisty\u00f6kumppaneita adventtikalenteritervehdyksell\u00e4. Kalenterin vieminen","og_url":"https:\/\/www.adventtikalenteri.fi\/myyjille\/hyodynna-adventtikalenterit-lippukunnan-vaikuttamistyossa\/","og_site_name":"Ohjesivusto adventtikalenterin myyjille","article_published_time":"2023-11-06T12:20:25+00:00","article_modified_time":"2025-08-28T12:56:16+00:00","og_image":[{"width":2560,"height":1707,"url":"https:\/\/www.adventtikalenteri.fi\/myyjille\/wp-content\/uploads\/sites\/2\/2023\/11\/Advis-2025-ISOT-34-scaled.jpg","type":"image\/jpeg"}],"author":"iinaleppaaho","twitter_card":"summary_large_image","twitter_misc":{"Kirjoittanut":"iinaleppaaho","Arvioitu lukuaika":"3 minuuttia"},"schema":{"@context":"https:\/\/schema.org","@graph":[{"@type":"Article","@id":"https:\/\/www.adventtikalenteri.fi\/myyjille\/hyodynna-adventtikalenterit-lippukunnan-vaikuttamistyossa\/#article","isPartOf":{"@id":"https:\/\/www.adventtikalenteri.fi\/myyjille\/hyodynna-adventtikalenterit-lippukunnan-vaikuttamistyossa\/"},"author":{"name":"iinaleppaaho","@id":"https:\/\/www.adventtikalenteri.fi\/myyjille\/#\/schema\/person\/d63e90bd3560b931364318ea0f0ea005"},"headline":"Hy\u00f6dynn\u00e4 adventtikalenterit lippukunnan vaikuttamisty\u00f6ss\u00e4","datePublished":"2023-11-06T12:20:25+00:00","dateModified":"2025-08-28T12:56:16+00:00","mainEntityOfPage":{"@id":"https:\/\/www.adventtikalenteri.fi\/myyjille\/hyodynna-adventtikalenterit-lippukunnan-vaikuttamistyossa\/"},"wordCount":373,"image":{"@id":"https:\/\/www.adventtikalenteri.fi\/myyjille\/hyodynna-adventtikalenterit-lippukunnan-vaikuttamistyossa\/#primaryimage"},"thumbnailUrl":"https:\/\/www.adventtikalenteri.fi\/myyjille\/wp-content\/uploads\/sites\/2\/2023\/11\/Advis-2025-ISOT-34-scaled.jpg","articleSection":["Ajankohtaista"],"inLanguage":"fi"},{"@type":"WebPage","@id":"https:\/\/www.adventtikalenteri.fi\/myyjille\/hyodynna-adventtikalenterit-lippukunnan-vaikuttamistyossa\/","url":"https:\/\/www.adventtikalenteri.fi\/myyjille\/hyodynna-adventtikalenterit-lippukunnan-vaikuttamistyossa\/","name":"Hy\u00f6dynn\u00e4 adventtikalenterit lippukunnan vaikuttamisty\u00f6ss\u00e4 - Ohjesivusto adventtikalenterin myyjille","isPartOf":{"@id":"https:\/\/www.adventtikalenteri.fi\/myyjille\/#website"},"primaryImageOfPage":{"@id":"https:\/\/www.adventtikalenteri.fi\/myyjille\/hyodynna-adventtikalenterit-lippukunnan-vaikuttamistyossa\/#primaryimage"},"image":{"@id":"https:\/\/www.adventtikalenteri.fi\/myyjille\/hyodynna-adventtikalenterit-lippukunnan-vaikuttamistyossa\/#primaryimage"},"thumbnailUrl":"https:\/\/www.adventtikalenteri.fi\/myyjille\/wp-content\/uploads\/sites\/2\/2023\/11\/Advis-2025-ISOT-34-scaled.jpg","datePublished":"2023-11-06T12:20:25+00:00","dateModified":"2025-08-28T12:56:16+00:00","author":{"@id":"https:\/\/www.adventtikalenteri.fi\/myyjille\/#\/schema\/person\/d63e90bd3560b931364318ea0f0ea005"},"breadcrumb":{"@id":"https:\/\/www.adventtikalenteri.fi\/myyjille\/hyodynna-adventtikalenterit-lippukunnan-vaikuttamistyossa\/#breadcrumb"},"inLanguage":"fi","potentialAction":[{"@type":"ReadAction","target":["https:\/\/www.adventtikalenteri.fi\/myyjille\/hyodynna-adventtikalenterit-lippukunnan-vaikuttamistyossa\/"]}]},{"@type":"ImageObject","inLanguage":"fi","@id":"https:\/\/www.adventtikalenteri.fi\/myyjille\/hyodynna-adventtikalenterit-lippukunnan-vaikuttamistyossa\/#primaryimage","url":"https:\/\/www.adventtikalenteri.fi\/myyjille\/wp-content\/uploads\/sites\/2\/2023\/11\/Advis-2025-ISOT-34-scaled.jpg","contentUrl":"https:\/\/www.adventtikalenteri.fi\/myyjille\/wp-content\/uploads\/sites\/2\/2023\/11\/Advis-2025-ISOT-34-scaled.jpg","width":2560,"height":1707},{"@type":"BreadcrumbList","@id":"https:\/\/www.adventtikalenteri.fi\/myyjille\/hyodynna-adventtikalenterit-lippukunnan-vaikuttamistyossa\/#breadcrumb","itemListElement":[{"@type":"ListItem","position":1,"name":"Etusivu","item":"https:\/\/www.adventtikalenteri.fi\/myyjille\/"},{"@type":"ListItem","position":2,"name":"Hy\u00f6dynn\u00e4 adventtikalenterit lippukunnan vaikuttamisty\u00f6ss\u00e4"}]},{"@type":"WebSite","@id":"https:\/\/www.adventtikalenteri.fi\/myyjille\/#website","url":"https:\/\/www.adventtikalenteri.fi\/myyjille\/","name":"Ohjesivusto adventtikalenterin myyjille","description":"","potentialAction":[{"@type":"SearchAction","target":{"@type":"EntryPoint","urlTemplate":"https:\/\/www.adventtikalenteri.fi\/myyjille\/?s={search_term_string}"},"query-input":{"@type":"PropertyValueSpecification","valueRequired":true,"valueName":"search_term_string"}}],"inLanguage":"fi"},{"@type":"Person","@id":"https:\/\/www.adventtikalenteri.fi\/myyjille\/#\/schema\/person\/d63e90bd3560b931364318ea0f0ea005","name":"iinaleppaaho","url":"https:\/\/www.adventtikalenteri.fi\/myyjille\/author\/iinaleppaaho\/"}]}},"_links":{"self":[{"href":"https:\/\/www.adventtikalenteri.fi\/myyjille\/wp-json\/wp\/v2\/posts\/2759","targetHints":{"allow":["GET"]}}],"collection":[{"href":"https:\/\/www.adventtikalenteri.fi\/myyjille\/wp-json\/wp\/v2\/posts"}],"about":[{"href":"https:\/\/www.adventtikalenteri.fi\/myyjille\/wp-json\/wp\/v2\/types\/post"}],"author":[{"embeddable":true,"href":"https:\/\/www.adventtikalenteri.fi\/myyjille\/wp-json\/wp\/v2\/users\/16"}],"replies":[{"embeddable":true,"href":"https:\/\/www.adventtikalenteri.fi\/myyjille\/wp-json\/wp\/v2\/comments?post=2759"}],"version-history":[{"count":14,"href":"https:\/\/www.adventtikalenteri.fi\/myyjille\/wp-json\/wp\/v2\/posts\/2759\/revisions"}],"predecessor-version":[{"id":3734,"href":"https:\/\/www.adventtikalenteri.fi\/myyjille\/wp-json\/wp\/v2\/posts\/2759\/revisions\/3734"}],"wp:featuredmedia":[{"embeddable":true,"href":"https:\/\/www.adventtikalenteri.fi\/myyjille\/wp-json\/wp\/v2\/media\/3730"}],"wp:attachment":[{"href":"https:\/\/www.adventtikalenteri.fi\/myyjille\/wp-json\/wp\/v2\/media?parent=2759"}],"wp:term":[{"taxonomy":"category","embeddable":true,"href":"https:\/\/www.adventtikalenteri.fi\/myyjille\/wp-json\/wp\/v2\/categories?post=2759"}],"curies":[{"name":"wp","href":"https:\/\/api.w.org\/{rel}","templated":true}]}}