{"id":2819,"date":"2024-03-18T11:05:20","date_gmt":"2024-03-18T09:05:20","guid":{"rendered":"https:\/\/www.adventtikalenteri.fi\/myyjille\/?p=2819"},"modified":"2025-08-28T15:54:48","modified_gmt":"2025-08-28T12:54:48","slug":"viisi-vinkkia-kalenterimyyntiin","status":"publish","type":"post","link":"https:\/\/www.adventtikalenteri.fi\/myyjille\/viisi-vinkkia-kalenterimyyntiin\/","title":{"rendered":"Viisi vinkki\u00e4 lippukunnan kalenterimyyntiin"},"content":{"rendered":"\n<p class=\"is-style-lead\">Mastonvartijat-lippukunta Espoosta tekee m\u00e4\u00e4r\u00e4tietoisesti ty\u00f6t\u00e4 adventtikalenterimyynnin eteen, jonka seurauksena lippukunta on vuodesta toiseen myyntitilastojen k\u00e4rjess\u00e4. T\u00e4ss\u00e4 lippukunnan kampanjap\u00e4\u00e4llik\u00f6n vinkit myyntiin.<\/p>\n\n\n\n<p>\u201dT\u00e4m\u00e4 on lippukuntamme t\u00e4rkein varainhankintakampanja ja sen avulla rahoitamme monia lippukuntamme perustoimintoja\u201d, kertoo adventtikalenterikampanjap\u00e4\u00e4llikk\u00f6 <strong>Larissa \u201dLaija\u201d Olasvuori<\/strong>, joka veti vuoden 2023 kampanjaa yhdess\u00e4 pestiparinsa <strong>Mira Saarentauksen<\/strong> kanssa. Aikaisemmin kampanjassa on ollut my\u00f6s lippukuntalaisten huoltajia apuna.<\/p>\n\n\n\n<p>M\u00e4\u00e4r\u00e4tietoisen ty\u00f6n seurauksena lippukunta on vuodesta toiseen myyntitilastojen k\u00e4rjess\u00e4. Viime vuonna lippukunta myi huimat 2 400 kalenteria.<\/p>\n\n\n\n<p>Adventtikalenterimyynnin ansiosta lippukunnassa voidaan pit\u00e4\u00e4 retkien ja tapahtumien osallistumismaksut kohtuullisina ja p\u00e4ivitt\u00e4\u00e4 tarpeen mukaan yhteist\u00e4 retkeilykalustoa. Sen avulla pystyt\u00e4\u00e4n my\u00f6s tarjoamaan tarvittaessa vapautuksia retkimaksuista.<\/p>\n\n\n\n<p>Kampanjap\u00e4\u00e4llikk\u00f6 Laija Olasvuori antoi omat vinkkins\u00e4 kalenterimyyntiin.<\/p>\n\n\n\n<h2 class=\"wp-block-heading\">1. Viestint\u00e4 perheille ja johtajien tsemppaus on t\u00e4rke\u00e4\u00e4<\/h2>\n\n\n\n<p>Lippukunta viestii aktiivisesti partiolaisten koteihin ja ohjeistaa myynnin k\u00e4yt\u00e4nt\u00f6j\u00e4.<\/p>\n\n\n\n<p>\u201dLapsetkin innostuvat myynnist\u00e4, kun ryhm\u00e4njohtajat ovat tukemassa ja kannustamassa ja pit\u00e4v\u00e4t myynti\u00e4 esill\u00e4 viikkokokouksissa\u201d, Laija pohtii.<\/p>\n\n\n\n<h2 class=\"wp-block-heading\">2. Selke\u00e4t myyntik\u00e4yt\u00e4nn\u00f6t<\/h2>\n\n\n\n<p>Eniten kalentereita myyd\u00e4\u00e4n niin, ett\u00e4 jokainen myy omalla tahollaan. Kalentereita myytiin j\u00e4rjestelm\u00e4llisesti my\u00f6s lippukunnan l\u00e4hikaupan ja isomman kauppakeskuksen yhteydess\u00e4. Jokaisella sudenpentu- ja seikkailijaik\u00e4isell\u00e4 oli ryhm\u00e4ns\u00e4 kanssa yksi myyntikerta kaupalla. Myyntilanteita kannattaa my\u00f6s harjoitella ja ohjeistaa.<\/p>\n\n\n\n<p>\u201dPit\u00e4\u00e4 aktiivisesti tarjota kalenteria jokaiselle ohikulkijalle, muuten asiakkaat k\u00e4velev\u00e4t ohi,&#8221; Laija kertoo kokemuksistaan.<\/p>\n\n\n\n<h2 class=\"wp-block-heading\">3. Yritysmyynti tuo lis\u00e4myynti\u00e4<\/h2>\n\n\n\n<p>T\u00e4n\u00e4 vuonna mukana ei ollut yritysmyynti\u00e4, mutta usein partiolaisten huoltajien kautta on myyty my\u00f6s isompia eri\u00e4 yrityksille, jotka haluavat tukea paikallista harrastamista. Lippukunnalla on ollut aiemmin my\u00f6s yhteydet yrityksiin, jotka ovat ostaneet adventtikalentereita s\u00e4\u00e4nn\u00f6llisesti vuodesta toiseen.<\/p>\n\n\n\n<h2 class=\"wp-block-heading\">4. Markkinointi kannattaa<\/h2>\n\n\n\n<p>Myynti\u00e4 on my\u00f6s t\u00e4rke\u00e4 mainostaa ja kertoa somessa, milloin ja miss\u00e4 kalentereita on myynniss\u00e4. My\u00f6s myyntipaikkojen lis\u00e4\u00e4minen adventtikalenteri.fi-sivustolle toimii. Samoja myyntipaikkailmoitustekstej\u00e4 voi k\u00e4ytt\u00e4\u00e4 useissa paikoissa. <\/p>\n\n\n\n<p>Mastonvartijat on jakanue tietoa myynnist\u00e4 oman kaupunginosan someryhmiss\u00e4 ja lippukunnan omissa somekanavissa.  &#8221;Ollaan my\u00f6s kannustettu, ett\u00e4 vanhemmat vinkkaavat omassa somessaan myynnist\u00e4 ja lis\u00e4ksi ollaan jaettu aina myyntilistaa, jonka vanhemmat voivat vied\u00e4 vaikka ty\u00f6paikan kahvip\u00f6yt\u00e4\u00e4n&#8221;. Laija kertoo.<\/p>\n\n\n\n<h2 class=\"wp-block-heading\">5. Myyntipalkinnot toimivat<\/h2>\n\n\n\n<p>Mastonvartijoissa palkitaan myyji\u00e4 omilla myyntipalkinoilla ja lis\u00e4ksi k\u00e4yd\u00e4\u00e4n ryhmien v\u00e4list\u00e4 myyntikisaa, jonka palkintona on herkkukassi ryhm\u00e4lle.<\/p>\n\n\n\n<p>Joka vuosi kampanjap\u00e4\u00e4llikk\u00f6\u00e4 itse\u00e4\u00e4n palkitsee n\u00e4hd\u00e4 lasten innostuvan myynnist\u00e4. Myyntiin osallistuneita partiolaisia palkitaan myyntim\u00e4\u00e4rien mukaan tonttumerkeill\u00e4, jotka ovat varsinkin monelle pienemm\u00e4lle myyj\u00e4lle t\u00e4rke\u00e4 tunnustus tehdyst\u00e4 ty\u00f6st\u00e4.<\/p>\n\n\n\n<p>\u201dSaavutettujen tonttumerkkien m\u00e4\u00e4r\u00e4 aina ilahduttaa. Niit\u00e4 on kiva p\u00e4\u00e4st\u00e4 jakamaan. Niiden eteen on n\u00e4hty vaivaa\u201d, Laija kuvailee.<\/p>\n","protected":false},"excerpt":{"rendered":"<p>Mastonvartijat-lippukunta Espoosta tekee m\u00e4\u00e4r\u00e4tietoisesti ty\u00f6t\u00e4 adventtikalenterimyynnin eteen, jonka seurauksena lippukunta<\/p>\n","protected":false},"author":16,"featured_media":3598,"comment_status":"closed","ping_status":"closed","sticky":false,"template":"","format":"standard","meta":{"_acf_changed":false,"_relevanssi_hide_post":"","_relevanssi_hide_content":"","_relevanssi_pin_for_all":"","_relevanssi_pin_keywords":"","_relevanssi_unpin_keywords":"","_relevanssi_related_keywords":"","_relevanssi_related_include_ids":"","_relevanssi_related_exclude_ids":"","_relevanssi_related_no_append":"","_relevanssi_related_not_related":"","_relevanssi_related_posts":"550,2656,1884,417,1999,1916","_relevanssi_noindex_reason":"","footnotes":""},"categories":[1],"class_list":["post-2819","post","type-post","status-publish","format-standard","has-post-thumbnail","hentry","category-ajankohtaista"],"acf":[],"yoast_head":"<!-- This site is optimized with the Yoast SEO plugin v27.3 - https:\/\/yoast.com\/product\/yoast-seo-wordpress\/ -->\n<title>Viisi vinkki\u00e4 lippukunnan kalenterimyyntiin - Ohjesivusto adventtikalenterin myyjille<\/title>\n<meta name=\"description\" content=\"Kampanjap\u00e4\u00e4llik\u00f6n vinkit kalenterimyyntiin lippukunnasta, joka on vuodesta toiseen myyntitilastojen k\u00e4rjess\u00e4.\" \/>\n<meta name=\"robots\" content=\"index, follow, max-snippet:-1, max-image-preview:large, max-video-preview:-1\" \/>\n<link rel=\"canonical\" href=\"https:\/\/www.adventtikalenteri.fi\/myyjille\/viisi-vinkkia-kalenterimyyntiin\/\" \/>\n<meta property=\"og:locale\" content=\"fi_FI\" \/>\n<meta property=\"og:type\" content=\"article\" \/>\n<meta property=\"og:title\" content=\"Viisi vinkki\u00e4 lippukunnan kalenterimyyntiin - Ohjesivusto adventtikalenterin myyjille\" \/>\n<meta property=\"og:description\" content=\"Kampanjap\u00e4\u00e4llik\u00f6n vinkit kalenterimyyntiin lippukunnasta, joka on vuodesta toiseen myyntitilastojen k\u00e4rjess\u00e4.\" \/>\n<meta property=\"og:url\" content=\"https:\/\/www.adventtikalenteri.fi\/myyjille\/viisi-vinkkia-kalenterimyyntiin\/\" \/>\n<meta property=\"og:site_name\" content=\"Ohjesivusto adventtikalenterin myyjille\" \/>\n<meta property=\"article:published_time\" content=\"2024-03-18T09:05:20+00:00\" \/>\n<meta property=\"article:modified_time\" content=\"2025-08-28T12:54:48+00:00\" \/>\n<meta property=\"og:image\" content=\"https:\/\/www.adventtikalenteri.fi\/myyjille\/wp-content\/uploads\/sites\/2\/2025\/08\/Advis-2025-ISOT-83-scaled.jpg\" \/>\n\t<meta property=\"og:image:width\" content=\"2560\" \/>\n\t<meta property=\"og:image:height\" content=\"1707\" \/>\n\t<meta property=\"og:image:type\" content=\"image\/jpeg\" \/>\n<meta name=\"author\" content=\"iinaleppaaho\" \/>\n<meta name=\"twitter:card\" content=\"summary_large_image\" \/>\n<meta name=\"twitter:label1\" content=\"Kirjoittanut\" \/>\n\t<meta name=\"twitter:data1\" content=\"iinaleppaaho\" \/>\n\t<meta name=\"twitter:label2\" content=\"Arvioitu lukuaika\" \/>\n\t<meta name=\"twitter:data2\" content=\"3 minuuttia\" \/>\n<script type=\"application\/ld+json\" class=\"yoast-schema-graph\">{\"@context\":\"https:\\\/\\\/schema.org\",\"@graph\":[{\"@type\":\"Article\",\"@id\":\"https:\\\/\\\/www.adventtikalenteri.fi\\\/myyjille\\\/viisi-vinkkia-kalenterimyyntiin\\\/#article\",\"isPartOf\":{\"@id\":\"https:\\\/\\\/www.adventtikalenteri.fi\\\/myyjille\\\/viisi-vinkkia-kalenterimyyntiin\\\/\"},\"author\":{\"name\":\"iinaleppaaho\",\"@id\":\"https:\\\/\\\/www.adventtikalenteri.fi\\\/myyjille\\\/#\\\/schema\\\/person\\\/d63e90bd3560b931364318ea0f0ea005\"},\"headline\":\"Viisi vinkki\u00e4 lippukunnan kalenterimyyntiin\",\"datePublished\":\"2024-03-18T09:05:20+00:00\",\"dateModified\":\"2025-08-28T12:54:48+00:00\",\"mainEntityOfPage\":{\"@id\":\"https:\\\/\\\/www.adventtikalenteri.fi\\\/myyjille\\\/viisi-vinkkia-kalenterimyyntiin\\\/\"},\"wordCount\":422,\"image\":{\"@id\":\"https:\\\/\\\/www.adventtikalenteri.fi\\\/myyjille\\\/viisi-vinkkia-kalenterimyyntiin\\\/#primaryimage\"},\"thumbnailUrl\":\"https:\\\/\\\/www.adventtikalenteri.fi\\\/myyjille\\\/wp-content\\\/uploads\\\/sites\\\/2\\\/2025\\\/08\\\/Advis-2025-ISOT-83-scaled.jpg\",\"articleSection\":[\"Ajankohtaista\"],\"inLanguage\":\"fi\"},{\"@type\":\"WebPage\",\"@id\":\"https:\\\/\\\/www.adventtikalenteri.fi\\\/myyjille\\\/viisi-vinkkia-kalenterimyyntiin\\\/\",\"url\":\"https:\\\/\\\/www.adventtikalenteri.fi\\\/myyjille\\\/viisi-vinkkia-kalenterimyyntiin\\\/\",\"name\":\"Viisi vinkki\u00e4 lippukunnan kalenterimyyntiin - Ohjesivusto adventtikalenterin myyjille\",\"isPartOf\":{\"@id\":\"https:\\\/\\\/www.adventtikalenteri.fi\\\/myyjille\\\/#website\"},\"primaryImageOfPage\":{\"@id\":\"https:\\\/\\\/www.adventtikalenteri.fi\\\/myyjille\\\/viisi-vinkkia-kalenterimyyntiin\\\/#primaryimage\"},\"image\":{\"@id\":\"https:\\\/\\\/www.adventtikalenteri.fi\\\/myyjille\\\/viisi-vinkkia-kalenterimyyntiin\\\/#primaryimage\"},\"thumbnailUrl\":\"https:\\\/\\\/www.adventtikalenteri.fi\\\/myyjille\\\/wp-content\\\/uploads\\\/sites\\\/2\\\/2025\\\/08\\\/Advis-2025-ISOT-83-scaled.jpg\",\"datePublished\":\"2024-03-18T09:05:20+00:00\",\"dateModified\":\"2025-08-28T12:54:48+00:00\",\"author\":{\"@id\":\"https:\\\/\\\/www.adventtikalenteri.fi\\\/myyjille\\\/#\\\/schema\\\/person\\\/d63e90bd3560b931364318ea0f0ea005\"},\"description\":\"Kampanjap\u00e4\u00e4llik\u00f6n vinkit kalenterimyyntiin lippukunnasta, joka on vuodesta toiseen myyntitilastojen k\u00e4rjess\u00e4.\",\"breadcrumb\":{\"@id\":\"https:\\\/\\\/www.adventtikalenteri.fi\\\/myyjille\\\/viisi-vinkkia-kalenterimyyntiin\\\/#breadcrumb\"},\"inLanguage\":\"fi\",\"potentialAction\":[{\"@type\":\"ReadAction\",\"target\":[\"https:\\\/\\\/www.adventtikalenteri.fi\\\/myyjille\\\/viisi-vinkkia-kalenterimyyntiin\\\/\"]}]},{\"@type\":\"ImageObject\",\"inLanguage\":\"fi\",\"@id\":\"https:\\\/\\\/www.adventtikalenteri.fi\\\/myyjille\\\/viisi-vinkkia-kalenterimyyntiin\\\/#primaryimage\",\"url\":\"https:\\\/\\\/www.adventtikalenteri.fi\\\/myyjille\\\/wp-content\\\/uploads\\\/sites\\\/2\\\/2025\\\/08\\\/Advis-2025-ISOT-83-scaled.jpg\",\"contentUrl\":\"https:\\\/\\\/www.adventtikalenteri.fi\\\/myyjille\\\/wp-content\\\/uploads\\\/sites\\\/2\\\/2025\\\/08\\\/Advis-2025-ISOT-83-scaled.jpg\",\"width\":2560,\"height\":1707,\"caption\":\"Nelj\u00e4 partiolaiset joulukuusen edustalla\"},{\"@type\":\"BreadcrumbList\",\"@id\":\"https:\\\/\\\/www.adventtikalenteri.fi\\\/myyjille\\\/viisi-vinkkia-kalenterimyyntiin\\\/#breadcrumb\",\"itemListElement\":[{\"@type\":\"ListItem\",\"position\":1,\"name\":\"Etusivu\",\"item\":\"https:\\\/\\\/www.adventtikalenteri.fi\\\/myyjille\\\/\"},{\"@type\":\"ListItem\",\"position\":2,\"name\":\"Viisi vinkki\u00e4 lippukunnan kalenterimyyntiin\"}]},{\"@type\":\"WebSite\",\"@id\":\"https:\\\/\\\/www.adventtikalenteri.fi\\\/myyjille\\\/#website\",\"url\":\"https:\\\/\\\/www.adventtikalenteri.fi\\\/myyjille\\\/\",\"name\":\"Ohjesivusto adventtikalenterin myyjille\",\"description\":\"\",\"potentialAction\":[{\"@type\":\"SearchAction\",\"target\":{\"@type\":\"EntryPoint\",\"urlTemplate\":\"https:\\\/\\\/www.adventtikalenteri.fi\\\/myyjille\\\/?s={search_term_string}\"},\"query-input\":{\"@type\":\"PropertyValueSpecification\",\"valueRequired\":true,\"valueName\":\"search_term_string\"}}],\"inLanguage\":\"fi\"},{\"@type\":\"Person\",\"@id\":\"https:\\\/\\\/www.adventtikalenteri.fi\\\/myyjille\\\/#\\\/schema\\\/person\\\/d63e90bd3560b931364318ea0f0ea005\",\"name\":\"iinaleppaaho\",\"url\":\"https:\\\/\\\/www.adventtikalenteri.fi\\\/myyjille\\\/author\\\/iinaleppaaho\\\/\"}]}<\/script>\n<!-- \/ Yoast SEO plugin. -->","yoast_head_json":{"title":"Viisi vinkki\u00e4 lippukunnan kalenterimyyntiin - Ohjesivusto adventtikalenterin myyjille","description":"Kampanjap\u00e4\u00e4llik\u00f6n vinkit kalenterimyyntiin lippukunnasta, joka on vuodesta toiseen myyntitilastojen k\u00e4rjess\u00e4.","robots":{"index":"index","follow":"follow","max-snippet":"max-snippet:-1","max-image-preview":"max-image-preview:large","max-video-preview":"max-video-preview:-1"},"canonical":"https:\/\/www.adventtikalenteri.fi\/myyjille\/viisi-vinkkia-kalenterimyyntiin\/","og_locale":"fi_FI","og_type":"article","og_title":"Viisi vinkki\u00e4 lippukunnan kalenterimyyntiin - Ohjesivusto adventtikalenterin myyjille","og_description":"Kampanjap\u00e4\u00e4llik\u00f6n vinkit kalenterimyyntiin lippukunnasta, joka on vuodesta toiseen myyntitilastojen k\u00e4rjess\u00e4.","og_url":"https:\/\/www.adventtikalenteri.fi\/myyjille\/viisi-vinkkia-kalenterimyyntiin\/","og_site_name":"Ohjesivusto adventtikalenterin myyjille","article_published_time":"2024-03-18T09:05:20+00:00","article_modified_time":"2025-08-28T12:54:48+00:00","og_image":[{"width":2560,"height":1707,"url":"https:\/\/www.adventtikalenteri.fi\/myyjille\/wp-content\/uploads\/sites\/2\/2025\/08\/Advis-2025-ISOT-83-scaled.jpg","type":"image\/jpeg"}],"author":"iinaleppaaho","twitter_card":"summary_large_image","twitter_misc":{"Kirjoittanut":"iinaleppaaho","Arvioitu lukuaika":"3 minuuttia"},"schema":{"@context":"https:\/\/schema.org","@graph":[{"@type":"Article","@id":"https:\/\/www.adventtikalenteri.fi\/myyjille\/viisi-vinkkia-kalenterimyyntiin\/#article","isPartOf":{"@id":"https:\/\/www.adventtikalenteri.fi\/myyjille\/viisi-vinkkia-kalenterimyyntiin\/"},"author":{"name":"iinaleppaaho","@id":"https:\/\/www.adventtikalenteri.fi\/myyjille\/#\/schema\/person\/d63e90bd3560b931364318ea0f0ea005"},"headline":"Viisi vinkki\u00e4 lippukunnan kalenterimyyntiin","datePublished":"2024-03-18T09:05:20+00:00","dateModified":"2025-08-28T12:54:48+00:00","mainEntityOfPage":{"@id":"https:\/\/www.adventtikalenteri.fi\/myyjille\/viisi-vinkkia-kalenterimyyntiin\/"},"wordCount":422,"image":{"@id":"https:\/\/www.adventtikalenteri.fi\/myyjille\/viisi-vinkkia-kalenterimyyntiin\/#primaryimage"},"thumbnailUrl":"https:\/\/www.adventtikalenteri.fi\/myyjille\/wp-content\/uploads\/sites\/2\/2025\/08\/Advis-2025-ISOT-83-scaled.jpg","articleSection":["Ajankohtaista"],"inLanguage":"fi"},{"@type":"WebPage","@id":"https:\/\/www.adventtikalenteri.fi\/myyjille\/viisi-vinkkia-kalenterimyyntiin\/","url":"https:\/\/www.adventtikalenteri.fi\/myyjille\/viisi-vinkkia-kalenterimyyntiin\/","name":"Viisi vinkki\u00e4 lippukunnan kalenterimyyntiin - Ohjesivusto adventtikalenterin myyjille","isPartOf":{"@id":"https:\/\/www.adventtikalenteri.fi\/myyjille\/#website"},"primaryImageOfPage":{"@id":"https:\/\/www.adventtikalenteri.fi\/myyjille\/viisi-vinkkia-kalenterimyyntiin\/#primaryimage"},"image":{"@id":"https:\/\/www.adventtikalenteri.fi\/myyjille\/viisi-vinkkia-kalenterimyyntiin\/#primaryimage"},"thumbnailUrl":"https:\/\/www.adventtikalenteri.fi\/myyjille\/wp-content\/uploads\/sites\/2\/2025\/08\/Advis-2025-ISOT-83-scaled.jpg","datePublished":"2024-03-18T09:05:20+00:00","dateModified":"2025-08-28T12:54:48+00:00","author":{"@id":"https:\/\/www.adventtikalenteri.fi\/myyjille\/#\/schema\/person\/d63e90bd3560b931364318ea0f0ea005"},"description":"Kampanjap\u00e4\u00e4llik\u00f6n vinkit kalenterimyyntiin lippukunnasta, joka on vuodesta toiseen myyntitilastojen k\u00e4rjess\u00e4.","breadcrumb":{"@id":"https:\/\/www.adventtikalenteri.fi\/myyjille\/viisi-vinkkia-kalenterimyyntiin\/#breadcrumb"},"inLanguage":"fi","potentialAction":[{"@type":"ReadAction","target":["https:\/\/www.adventtikalenteri.fi\/myyjille\/viisi-vinkkia-kalenterimyyntiin\/"]}]},{"@type":"ImageObject","inLanguage":"fi","@id":"https:\/\/www.adventtikalenteri.fi\/myyjille\/viisi-vinkkia-kalenterimyyntiin\/#primaryimage","url":"https:\/\/www.adventtikalenteri.fi\/myyjille\/wp-content\/uploads\/sites\/2\/2025\/08\/Advis-2025-ISOT-83-scaled.jpg","contentUrl":"https:\/\/www.adventtikalenteri.fi\/myyjille\/wp-content\/uploads\/sites\/2\/2025\/08\/Advis-2025-ISOT-83-scaled.jpg","width":2560,"height":1707,"caption":"Nelj\u00e4 partiolaiset joulukuusen edustalla"},{"@type":"BreadcrumbList","@id":"https:\/\/www.adventtikalenteri.fi\/myyjille\/viisi-vinkkia-kalenterimyyntiin\/#breadcrumb","itemListElement":[{"@type":"ListItem","position":1,"name":"Etusivu","item":"https:\/\/www.adventtikalenteri.fi\/myyjille\/"},{"@type":"ListItem","position":2,"name":"Viisi vinkki\u00e4 lippukunnan kalenterimyyntiin"}]},{"@type":"WebSite","@id":"https:\/\/www.adventtikalenteri.fi\/myyjille\/#website","url":"https:\/\/www.adventtikalenteri.fi\/myyjille\/","name":"Ohjesivusto adventtikalenterin myyjille","description":"","potentialAction":[{"@type":"SearchAction","target":{"@type":"EntryPoint","urlTemplate":"https:\/\/www.adventtikalenteri.fi\/myyjille\/?s={search_term_string}"},"query-input":{"@type":"PropertyValueSpecification","valueRequired":true,"valueName":"search_term_string"}}],"inLanguage":"fi"},{"@type":"Person","@id":"https:\/\/www.adventtikalenteri.fi\/myyjille\/#\/schema\/person\/d63e90bd3560b931364318ea0f0ea005","name":"iinaleppaaho","url":"https:\/\/www.adventtikalenteri.fi\/myyjille\/author\/iinaleppaaho\/"}]}},"_links":{"self":[{"href":"https:\/\/www.adventtikalenteri.fi\/myyjille\/wp-json\/wp\/v2\/posts\/2819","targetHints":{"allow":["GET"]}}],"collection":[{"href":"https:\/\/www.adventtikalenteri.fi\/myyjille\/wp-json\/wp\/v2\/posts"}],"about":[{"href":"https:\/\/www.adventtikalenteri.fi\/myyjille\/wp-json\/wp\/v2\/types\/post"}],"author":[{"embeddable":true,"href":"https:\/\/www.adventtikalenteri.fi\/myyjille\/wp-json\/wp\/v2\/users\/16"}],"replies":[{"embeddable":true,"href":"https:\/\/www.adventtikalenteri.fi\/myyjille\/wp-json\/wp\/v2\/comments?post=2819"}],"version-history":[{"count":5,"href":"https:\/\/www.adventtikalenteri.fi\/myyjille\/wp-json\/wp\/v2\/posts\/2819\/revisions"}],"predecessor-version":[{"id":3729,"href":"https:\/\/www.adventtikalenteri.fi\/myyjille\/wp-json\/wp\/v2\/posts\/2819\/revisions\/3729"}],"wp:featuredmedia":[{"embeddable":true,"href":"https:\/\/www.adventtikalenteri.fi\/myyjille\/wp-json\/wp\/v2\/media\/3598"}],"wp:attachment":[{"href":"https:\/\/www.adventtikalenteri.fi\/myyjille\/wp-json\/wp\/v2\/media?parent=2819"}],"wp:term":[{"taxonomy":"category","embeddable":true,"href":"https:\/\/www.adventtikalenteri.fi\/myyjille\/wp-json\/wp\/v2\/categories?post=2819"}],"curies":[{"name":"wp","href":"https:\/\/api.w.org\/{rel}","templated":true}]}}