{"id":2883,"date":"2022-09-09T10:55:00","date_gmt":"2022-09-09T07:55:00","guid":{"rendered":"https:\/\/www.adventtikalenteri.fi\/ninka-reitun-kuvittama-adventtikalenteri-vie-lumiseen-satumaailmaan\/"},"modified":"2022-09-26T14:45:29","modified_gmt":"2022-09-26T11:45:29","slug":"ninka-reittus-illustration-tar-oss-till-ett-vinterklatt-sagoland","status":"publish","type":"post","link":"https:\/\/www.adventtikalenteri.fi\/sv\/ninka-reittus-illustration-tar-oss-till-ett-vinterklatt-sagoland\/","title":{"rendered":"Ninka Reittus illustration tar oss till ett vinterkl\u00e4tt sagoland"},"content":{"rendered":"\n<p class=\"is-style-lead\">Ninka Reittu som b\u00e5de illustrerat \u00e5rets adventskalenderbild och skrivit den tillh\u00f6rande julsagan, ville med sin illustration skapa en julig och fl\u00f6dande kalenderbild som gl\u00e4djer dess besk\u00e5dare.<\/p>\n\n\n\n<p>Den st\u00e4mningsfulla adventskalenderillustrationen ger oss en inblick i husdjurens \u00e4ventyr p\u00e5 en vinterprydd g\u00e5rd. Id\u00e9n f\u00f6r b\u00e5de illustrationen och julsagan v\u00e4ktes redan f\u00f6reg\u00e5ende vinter.<\/p>\n\n\n\n<p>\u201dF\u00f6rra vintern var v\u00e4ldigt kall och sn\u00f6rik. Vi funderade d\u00e5 med mina egna barn hur djuren i naturen klarar sig under en sv\u00e5r vinter&#8221;, ber\u00e4ttar Ninka Reittu. Ur dessa funderingar f\u00f6ddes adventskalender julsagan.<\/p>\n\n\n\n<p>Ninka Reittu \u00e4r en k\u00e4nd barnboksf\u00f6rfattare och serieillustrat\u00f6r. Hennes mest k\u00e4nda verk \u00e4r  Yst\u00e4v\u00e4ni Pulla Vehn\u00e4nen, Sin\u00e4 olet superrakas och Messi ja Mysteeri -b\u00f6ckerna samt illustrationerna till Prinsessa Pikkiriikki- serien.<\/p>\n","protected":false},"excerpt":{"rendered":"<p>Ninka Reittu som b\u00e5de illustrerat \u00e5rets adventskalenderbild och skrivit den<\/p>\n","protected":false},"author":9,"featured_media":2775,"comment_status":"closed","ping_status":"closed","sticky":false,"template":"","format":"standard","meta":{"_acf_changed":false,"footnotes":""},"categories":[51],"class_list":["post-2883","post","type-post","status-publish","format-standard","has-post-thumbnail","hentry","category-kalenterin-kuvittajat-sv"],"acf":[],"yoast_head":"<!-- This site is optimized with the Yoast SEO plugin v27.3 - https:\/\/yoast.com\/product\/yoast-seo-wordpress\/ -->\n<title>Ninka Reittus illustration tar oss till ett vinterkl\u00e4tt sagoland &#8211; Scouternas adventskalender<\/title>\n<meta name=\"robots\" content=\"index, follow, max-snippet:-1, max-image-preview:large, max-video-preview:-1\" \/>\n<link rel=\"canonical\" href=\"https:\/\/www.adventtikalenteri.fi\/sv\/ninka-reittus-illustration-tar-oss-till-ett-vinterklatt-sagoland\/\" \/>\n<meta property=\"og:locale\" content=\"sv_SE\" \/>\n<meta property=\"og:type\" content=\"article\" \/>\n<meta property=\"og:title\" content=\"Ninka Reittus illustration tar oss till ett vinterkl\u00e4tt sagoland &#8211; Scouternas adventskalender\" \/>\n<meta property=\"og:description\" content=\"Ninka Reittu som b\u00e5de illustrerat \u00e5rets adventskalenderbild och skrivit den\" \/>\n<meta property=\"og:url\" content=\"https:\/\/www.adventtikalenteri.fi\/sv\/ninka-reittus-illustration-tar-oss-till-ett-vinterklatt-sagoland\/\" \/>\n<meta property=\"og:site_name\" content=\"Scouternas adventskalender\" \/>\n<meta property=\"article:published_time\" content=\"2022-09-09T07:55:00+00:00\" \/>\n<meta property=\"article:modified_time\" content=\"2022-09-26T11:45:29+00:00\" \/>\n<meta property=\"og:image\" content=\"https:\/\/www.adventtikalenteri.fi\/wp-content\/uploads\/2022\/08\/IMG_20220815_195625_768_2048x2048-e1661329609385.jpg\" \/>\n\t<meta property=\"og:image:width\" content=\"2048\" \/>\n\t<meta property=\"og:image:height\" content=\"2048\" \/>\n\t<meta property=\"og:image:type\" content=\"image\/jpeg\" \/>\n<meta name=\"author\" content=\"katrijarvenpaa\" \/>\n<meta name=\"twitter:card\" content=\"summary_large_image\" \/>\n<meta name=\"twitter:label1\" content=\"Skriven av\" \/>\n\t<meta name=\"twitter:data1\" content=\"katrijarvenpaa\" \/>\n\t<meta name=\"twitter:label2\" content=\"Ber\u00e4knad l\u00e4stid\" \/>\n\t<meta name=\"twitter:data2\" content=\"1 minut\" \/>\n<script type=\"application\/ld+json\" class=\"yoast-schema-graph\">{\"@context\":\"https:\\\/\\\/schema.org\",\"@graph\":[{\"@type\":\"Article\",\"@id\":\"https:\\\/\\\/www.adventtikalenteri.fi\\\/sv\\\/ninka-reittus-illustration-tar-oss-till-ett-vinterklatt-sagoland\\\/#article\",\"isPartOf\":{\"@id\":\"https:\\\/\\\/www.adventtikalenteri.fi\\\/sv\\\/ninka-reittus-illustration-tar-oss-till-ett-vinterklatt-sagoland\\\/\"},\"author\":{\"name\":\"katrijarvenpaa\",\"@id\":\"https:\\\/\\\/www.adventtikalenteri.fi\\\/sv\\\/#\\\/schema\\\/person\\\/178aa6475be47f4fc7a6735160036d08\"},\"headline\":\"Ninka Reittus illustration tar oss till ett vinterkl\u00e4tt sagoland\",\"datePublished\":\"2022-09-09T07:55:00+00:00\",\"dateModified\":\"2022-09-26T11:45:29+00:00\",\"mainEntityOfPage\":{\"@id\":\"https:\\\/\\\/www.adventtikalenteri.fi\\\/sv\\\/ninka-reittus-illustration-tar-oss-till-ett-vinterklatt-sagoland\\\/\"},\"wordCount\":150,\"image\":{\"@id\":\"https:\\\/\\\/www.adventtikalenteri.fi\\\/sv\\\/ninka-reittus-illustration-tar-oss-till-ett-vinterklatt-sagoland\\\/#primaryimage\"},\"thumbnailUrl\":\"https:\\\/\\\/www.adventtikalenteri.fi\\\/wp-content\\\/uploads\\\/2022\\\/08\\\/IMG_20220815_195625_768_2048x2048-e1661329609385.jpg\",\"articleSection\":[\"Kalenterin kuvittajat\"],\"inLanguage\":\"sv-SE\"},{\"@type\":\"WebPage\",\"@id\":\"https:\\\/\\\/www.adventtikalenteri.fi\\\/sv\\\/ninka-reittus-illustration-tar-oss-till-ett-vinterklatt-sagoland\\\/\",\"url\":\"https:\\\/\\\/www.adventtikalenteri.fi\\\/sv\\\/ninka-reittus-illustration-tar-oss-till-ett-vinterklatt-sagoland\\\/\",\"name\":\"Ninka Reittus illustration tar oss till ett vinterkl\u00e4tt sagoland &#8211; Scouternas adventskalender\",\"isPartOf\":{\"@id\":\"https:\\\/\\\/www.adventtikalenteri.fi\\\/sv\\\/#website\"},\"primaryImageOfPage\":{\"@id\":\"https:\\\/\\\/www.adventtikalenteri.fi\\\/sv\\\/ninka-reittus-illustration-tar-oss-till-ett-vinterklatt-sagoland\\\/#primaryimage\"},\"image\":{\"@id\":\"https:\\\/\\\/www.adventtikalenteri.fi\\\/sv\\\/ninka-reittus-illustration-tar-oss-till-ett-vinterklatt-sagoland\\\/#primaryimage\"},\"thumbnailUrl\":\"https:\\\/\\\/www.adventtikalenteri.fi\\\/wp-content\\\/uploads\\\/2022\\\/08\\\/IMG_20220815_195625_768_2048x2048-e1661329609385.jpg\",\"datePublished\":\"2022-09-09T07:55:00+00:00\",\"dateModified\":\"2022-09-26T11:45:29+00:00\",\"author\":{\"@id\":\"https:\\\/\\\/www.adventtikalenteri.fi\\\/sv\\\/#\\\/schema\\\/person\\\/178aa6475be47f4fc7a6735160036d08\"},\"breadcrumb\":{\"@id\":\"https:\\\/\\\/www.adventtikalenteri.fi\\\/sv\\\/ninka-reittus-illustration-tar-oss-till-ett-vinterklatt-sagoland\\\/#breadcrumb\"},\"inLanguage\":\"sv-SE\",\"potentialAction\":[{\"@type\":\"ReadAction\",\"target\":[\"https:\\\/\\\/www.adventtikalenteri.fi\\\/sv\\\/ninka-reittus-illustration-tar-oss-till-ett-vinterklatt-sagoland\\\/\"]}]},{\"@type\":\"ImageObject\",\"inLanguage\":\"sv-SE\",\"@id\":\"https:\\\/\\\/www.adventtikalenteri.fi\\\/sv\\\/ninka-reittus-illustration-tar-oss-till-ett-vinterklatt-sagoland\\\/#primaryimage\",\"url\":\"https:\\\/\\\/www.adventtikalenteri.fi\\\/wp-content\\\/uploads\\\/2022\\\/08\\\/IMG_20220815_195625_768_2048x2048-e1661329609385.jpg\",\"contentUrl\":\"https:\\\/\\\/www.adventtikalenteri.fi\\\/wp-content\\\/uploads\\\/2022\\\/08\\\/IMG_20220815_195625_768_2048x2048-e1661329609385.jpg\",\"width\":2048,\"height\":2048,\"caption\":\"Kuva: Ninka Reitun kotialbumi\"},{\"@type\":\"BreadcrumbList\",\"@id\":\"https:\\\/\\\/www.adventtikalenteri.fi\\\/sv\\\/ninka-reittus-illustration-tar-oss-till-ett-vinterklatt-sagoland\\\/#breadcrumb\",\"itemListElement\":[{\"@type\":\"ListItem\",\"position\":1,\"name\":\"Etusivu\",\"item\":\"https:\\\/\\\/www.adventtikalenteri.fi\\\/sv\\\/\"},{\"@type\":\"ListItem\",\"position\":2,\"name\":\"Ninka Reittus illustration tar oss till ett vinterkl\u00e4tt sagoland\"}]},{\"@type\":\"WebSite\",\"@id\":\"https:\\\/\\\/www.adventtikalenteri.fi\\\/sv\\\/#website\",\"url\":\"https:\\\/\\\/www.adventtikalenteri.fi\\\/sv\\\/\",\"name\":\"Scouternas adventskalender\",\"description\":\"\",\"potentialAction\":[{\"@type\":\"SearchAction\",\"target\":{\"@type\":\"EntryPoint\",\"urlTemplate\":\"https:\\\/\\\/www.adventtikalenteri.fi\\\/sv\\\/?s={search_term_string}\"},\"query-input\":{\"@type\":\"PropertyValueSpecification\",\"valueRequired\":true,\"valueName\":\"search_term_string\"}}],\"inLanguage\":\"sv-SE\"},{\"@type\":\"Person\",\"@id\":\"https:\\\/\\\/www.adventtikalenteri.fi\\\/sv\\\/#\\\/schema\\\/person\\\/178aa6475be47f4fc7a6735160036d08\",\"name\":\"katrijarvenpaa\",\"url\":\"https:\\\/\\\/www.adventtikalenteri.fi\\\/sv\\\/author\\\/katrijarvenpaa\\\/\"}]}<\/script>\n<!-- \/ Yoast SEO plugin. -->","yoast_head_json":{"title":"Ninka Reittus illustration tar oss till ett vinterkl\u00e4tt sagoland &#8211; Scouternas adventskalender","robots":{"index":"index","follow":"follow","max-snippet":"max-snippet:-1","max-image-preview":"max-image-preview:large","max-video-preview":"max-video-preview:-1"},"canonical":"https:\/\/www.adventtikalenteri.fi\/sv\/ninka-reittus-illustration-tar-oss-till-ett-vinterklatt-sagoland\/","og_locale":"sv_SE","og_type":"article","og_title":"Ninka Reittus illustration tar oss till ett vinterkl\u00e4tt sagoland &#8211; Scouternas adventskalender","og_description":"Ninka Reittu som b\u00e5de illustrerat \u00e5rets adventskalenderbild och skrivit den","og_url":"https:\/\/www.adventtikalenteri.fi\/sv\/ninka-reittus-illustration-tar-oss-till-ett-vinterklatt-sagoland\/","og_site_name":"Scouternas adventskalender","article_published_time":"2022-09-09T07:55:00+00:00","article_modified_time":"2022-09-26T11:45:29+00:00","og_image":[{"width":2048,"height":2048,"url":"https:\/\/www.adventtikalenteri.fi\/wp-content\/uploads\/2022\/08\/IMG_20220815_195625_768_2048x2048-e1661329609385.jpg","type":"image\/jpeg"}],"author":"katrijarvenpaa","twitter_card":"summary_large_image","twitter_misc":{"Skriven av":"katrijarvenpaa","Ber\u00e4knad l\u00e4stid":"1 minut"},"schema":{"@context":"https:\/\/schema.org","@graph":[{"@type":"Article","@id":"https:\/\/www.adventtikalenteri.fi\/sv\/ninka-reittus-illustration-tar-oss-till-ett-vinterklatt-sagoland\/#article","isPartOf":{"@id":"https:\/\/www.adventtikalenteri.fi\/sv\/ninka-reittus-illustration-tar-oss-till-ett-vinterklatt-sagoland\/"},"author":{"name":"katrijarvenpaa","@id":"https:\/\/www.adventtikalenteri.fi\/sv\/#\/schema\/person\/178aa6475be47f4fc7a6735160036d08"},"headline":"Ninka Reittus illustration tar oss till ett vinterkl\u00e4tt sagoland","datePublished":"2022-09-09T07:55:00+00:00","dateModified":"2022-09-26T11:45:29+00:00","mainEntityOfPage":{"@id":"https:\/\/www.adventtikalenteri.fi\/sv\/ninka-reittus-illustration-tar-oss-till-ett-vinterklatt-sagoland\/"},"wordCount":150,"image":{"@id":"https:\/\/www.adventtikalenteri.fi\/sv\/ninka-reittus-illustration-tar-oss-till-ett-vinterklatt-sagoland\/#primaryimage"},"thumbnailUrl":"https:\/\/www.adventtikalenteri.fi\/wp-content\/uploads\/2022\/08\/IMG_20220815_195625_768_2048x2048-e1661329609385.jpg","articleSection":["Kalenterin kuvittajat"],"inLanguage":"sv-SE"},{"@type":"WebPage","@id":"https:\/\/www.adventtikalenteri.fi\/sv\/ninka-reittus-illustration-tar-oss-till-ett-vinterklatt-sagoland\/","url":"https:\/\/www.adventtikalenteri.fi\/sv\/ninka-reittus-illustration-tar-oss-till-ett-vinterklatt-sagoland\/","name":"Ninka Reittus illustration tar oss till ett vinterkl\u00e4tt sagoland &#8211; Scouternas adventskalender","isPartOf":{"@id":"https:\/\/www.adventtikalenteri.fi\/sv\/#website"},"primaryImageOfPage":{"@id":"https:\/\/www.adventtikalenteri.fi\/sv\/ninka-reittus-illustration-tar-oss-till-ett-vinterklatt-sagoland\/#primaryimage"},"image":{"@id":"https:\/\/www.adventtikalenteri.fi\/sv\/ninka-reittus-illustration-tar-oss-till-ett-vinterklatt-sagoland\/#primaryimage"},"thumbnailUrl":"https:\/\/www.adventtikalenteri.fi\/wp-content\/uploads\/2022\/08\/IMG_20220815_195625_768_2048x2048-e1661329609385.jpg","datePublished":"2022-09-09T07:55:00+00:00","dateModified":"2022-09-26T11:45:29+00:00","author":{"@id":"https:\/\/www.adventtikalenteri.fi\/sv\/#\/schema\/person\/178aa6475be47f4fc7a6735160036d08"},"breadcrumb":{"@id":"https:\/\/www.adventtikalenteri.fi\/sv\/ninka-reittus-illustration-tar-oss-till-ett-vinterklatt-sagoland\/#breadcrumb"},"inLanguage":"sv-SE","potentialAction":[{"@type":"ReadAction","target":["https:\/\/www.adventtikalenteri.fi\/sv\/ninka-reittus-illustration-tar-oss-till-ett-vinterklatt-sagoland\/"]}]},{"@type":"ImageObject","inLanguage":"sv-SE","@id":"https:\/\/www.adventtikalenteri.fi\/sv\/ninka-reittus-illustration-tar-oss-till-ett-vinterklatt-sagoland\/#primaryimage","url":"https:\/\/www.adventtikalenteri.fi\/wp-content\/uploads\/2022\/08\/IMG_20220815_195625_768_2048x2048-e1661329609385.jpg","contentUrl":"https:\/\/www.adventtikalenteri.fi\/wp-content\/uploads\/2022\/08\/IMG_20220815_195625_768_2048x2048-e1661329609385.jpg","width":2048,"height":2048,"caption":"Kuva: Ninka Reitun kotialbumi"},{"@type":"BreadcrumbList","@id":"https:\/\/www.adventtikalenteri.fi\/sv\/ninka-reittus-illustration-tar-oss-till-ett-vinterklatt-sagoland\/#breadcrumb","itemListElement":[{"@type":"ListItem","position":1,"name":"Etusivu","item":"https:\/\/www.adventtikalenteri.fi\/sv\/"},{"@type":"ListItem","position":2,"name":"Ninka Reittus illustration tar oss till ett vinterkl\u00e4tt sagoland"}]},{"@type":"WebSite","@id":"https:\/\/www.adventtikalenteri.fi\/sv\/#website","url":"https:\/\/www.adventtikalenteri.fi\/sv\/","name":"Scouternas adventskalender","description":"","potentialAction":[{"@type":"SearchAction","target":{"@type":"EntryPoint","urlTemplate":"https:\/\/www.adventtikalenteri.fi\/sv\/?s={search_term_string}"},"query-input":{"@type":"PropertyValueSpecification","valueRequired":true,"valueName":"search_term_string"}}],"inLanguage":"sv-SE"},{"@type":"Person","@id":"https:\/\/www.adventtikalenteri.fi\/sv\/#\/schema\/person\/178aa6475be47f4fc7a6735160036d08","name":"katrijarvenpaa","url":"https:\/\/www.adventtikalenteri.fi\/sv\/author\/katrijarvenpaa\/"}]}},"_links":{"self":[{"href":"https:\/\/www.adventtikalenteri.fi\/sv\/wp-json\/wp\/v2\/posts\/2883","targetHints":{"allow":["GET"]}}],"collection":[{"href":"https:\/\/www.adventtikalenteri.fi\/sv\/wp-json\/wp\/v2\/posts"}],"about":[{"href":"https:\/\/www.adventtikalenteri.fi\/sv\/wp-json\/wp\/v2\/types\/post"}],"author":[{"embeddable":true,"href":"https:\/\/www.adventtikalenteri.fi\/sv\/wp-json\/wp\/v2\/users\/9"}],"replies":[{"embeddable":true,"href":"https:\/\/www.adventtikalenteri.fi\/sv\/wp-json\/wp\/v2\/comments?post=2883"}],"version-history":[{"count":6,"href":"https:\/\/www.adventtikalenteri.fi\/sv\/wp-json\/wp\/v2\/posts\/2883\/revisions"}],"predecessor-version":[{"id":2891,"href":"https:\/\/www.adventtikalenteri.fi\/sv\/wp-json\/wp\/v2\/posts\/2883\/revisions\/2891"}],"wp:featuredmedia":[{"embeddable":true,"href":"https:\/\/www.adventtikalenteri.fi\/sv\/wp-json\/wp\/v2\/media\/2775"}],"wp:attachment":[{"href":"https:\/\/www.adventtikalenteri.fi\/sv\/wp-json\/wp\/v2\/media?parent=2883"}],"wp:term":[{"taxonomy":"category","embeddable":true,"href":"https:\/\/www.adventtikalenteri.fi\/sv\/wp-json\/wp\/v2\/categories?post=2883"}],"curies":[{"name":"wp","href":"https:\/\/api.w.org\/{rel}","templated":true}]}}