{"id":3410,"date":"2023-10-03T14:18:57","date_gmt":"2023-10-03T11:18:57","guid":{"rendered":"https:\/\/www.adventtikalenteri.fi\/?p=3410"},"modified":"2023-10-03T14:41:11","modified_gmt":"2023-10-03T11:41:11","slug":"adventskalenderillustrationen-tar-oss-till-en-magisk-vintervarld","status":"publish","type":"post","link":"https:\/\/www.adventtikalenteri.fi\/sv\/adventskalenderillustrationen-tar-oss-till-en-magisk-vintervarld\/","title":{"rendered":"Adventskalenderillustrationen tar oss till en magisk vinterv\u00e4rld"},"content":{"rendered":"\n<p>Mitt i ett vinterlandskap st\u00e5r en r\u00f6d stuga. Skogens djur har samlats f\u00f6r att se p\u00e5 n\u00e4r julgubben f\u00f6rbereder sin sl\u00e4de. Den vackra adventskalenderillustrationen har \u00e4ven i \u00e5r skapats av Ninka Reittu. &nbsp;<\/p>\n\n\n\n<figure class=\"wp-block-image size-large\"><img loading=\"lazy\" decoding=\"async\" width=\"1920\" height=\"1008\" src=\"https:\/\/www.adventtikalenteri.fi\/wp-content\/uploads\/2022\/09\/Adviskuvat-2023-Netta-Hautamaki-1200x630px-1920x1008.jpg\" alt=\"\" class=\"wp-image-3295\" srcset=\"https:\/\/www.adventtikalenteri.fi\/wp-content\/uploads\/2022\/09\/Adviskuvat-2023-Netta-Hautamaki-1200x630px-1920x1008.jpg 1920w, https:\/\/www.adventtikalenteri.fi\/wp-content\/uploads\/2022\/09\/Adviskuvat-2023-Netta-Hautamaki-1200x630px-900x472.jpg 900w, https:\/\/www.adventtikalenteri.fi\/wp-content\/uploads\/2022\/09\/Adviskuvat-2023-Netta-Hautamaki-1200x630px-768x403.jpg 768w, https:\/\/www.adventtikalenteri.fi\/wp-content\/uploads\/2022\/09\/Adviskuvat-2023-Netta-Hautamaki-1200x630px-1536x806.jpg 1536w, https:\/\/www.adventtikalenteri.fi\/wp-content\/uploads\/2022\/09\/Adviskuvat-2023-Netta-Hautamaki-1200x630px-2048x1075.jpg 2048w, https:\/\/www.adventtikalenteri.fi\/wp-content\/uploads\/2022\/09\/Adviskuvat-2023-Netta-Hautamaki-1200x630px-282x148.jpg 282w, https:\/\/www.adventtikalenteri.fi\/wp-content\/uploads\/2022\/09\/Adviskuvat-2023-Netta-Hautamaki-1200x630px-765x401.jpg 765w\" sizes=\"auto, (max-width: 1920px) 100vw, 1920px\" \/><\/figure>\n\n\n\n<p>Ninka Reittu \u00e4r en k\u00e4nd barnboksf\u00f6rfattare och serieillustrat\u00f6r, vars k\u00e4ndaste verk&nbsp; \u00e4r Yst\u00e4v\u00e4ni Pulla Vehn\u00e4nen, Sin\u00e4 olet superrakas och Messi ja Mysteeri \u2013 bokserien. Reittu har \u00e4ven illustrerat Prinsessa Pikkiriikki serien. Ninka Reittu illustrerade \u00e4ven adventskalendern \u00e5r 2022.<\/p>\n\n\n\n<h2 class=\"wp-block-heading\">Adventskalenderbilden v\u00e4cks till liv<\/h2>\n\n\n\n<figure class=\"wp-block-image alignright size-large is-resized\"><img loading=\"lazy\" decoding=\"async\" src=\"https:\/\/www.adventtikalenteri.fi\/wp-content\/uploads\/2023\/08\/advis_hiiret_2-1920x1920.png\" alt=\"\" class=\"wp-image-3260\" style=\"width:364px;height:364px\" width=\"364\" height=\"364\" srcset=\"https:\/\/www.adventtikalenteri.fi\/wp-content\/uploads\/2023\/08\/advis_hiiret_2-1920x1920.png 1920w, https:\/\/www.adventtikalenteri.fi\/wp-content\/uploads\/2023\/08\/advis_hiiret_2-900x900.png 900w, https:\/\/www.adventtikalenteri.fi\/wp-content\/uploads\/2023\/08\/advis_hiiret_2-148x148.png 148w, https:\/\/www.adventtikalenteri.fi\/wp-content\/uploads\/2023\/08\/advis_hiiret_2-768x768.png 768w, https:\/\/www.adventtikalenteri.fi\/wp-content\/uploads\/2023\/08\/advis_hiiret_2-1536x1536.png 1536w, https:\/\/www.adventtikalenteri.fi\/wp-content\/uploads\/2023\/08\/advis_hiiret_2-765x765.png 765w, https:\/\/www.adventtikalenteri.fi\/wp-content\/uploads\/2023\/08\/advis_hiiret_2-720x720.png 720w, https:\/\/www.adventtikalenteri.fi\/wp-content\/uploads\/2023\/08\/advis_hiiret_2.png 2000w\" sizes=\"auto, (max-width: 364px) 85vw, 364px\" \/><\/figure>\n\n\n\n<p>Att illustrera adventskalendern betyder inte att man endast ritar en bild. Runt omkring bilden skapas en hel ber\u00e4ttelse. Adventskalenderillustrationen v\u00e4cks till liv d\u00e5 det bakom varje kalenderlucka uppenbarar sig nya detaljer.<\/p>\n\n\n\n<p>\u00c4ven scouternas julber\u00e4ttelse har sin bakgrund i adventskalenderillustrationen. \u00c5rets julsaga \u201dNyckelpigan som ville se julen\u201d ber\u00e4ttar om den lilla nyckelpigan Alf som besluter sig f\u00f6r att uppleva julen med egna \u00f6gon i st\u00e4llet f\u00f6r att g\u00e5 i vinterdvala. En ny del av julsagan publiceras varje advent.<\/p>\n\n\n\n<h2 class=\"wp-block-heading\">Att skapa kalenderillustrationen \u00e4r en l\u00e5ng process<\/h2>\n\n\n\n<p>Planerna f\u00f6r 2023 adventskalendern p\u00e5b\u00f6rjades med Reittu redan innan alla kalenderluckor i den f\u00f6reg\u00e5ende kalendern hade \u00f6ppnats. Adventskalendern \u00e4r utan tvekan en av scouternas viktigaste produkter. Den kr\u00e4ver noggrannhet och l\u00e5ngsiktig planering. Illustrat\u00f6ren f\u00e5r \u00e4ven \u00e5rligen noggranna riktlinjer f\u00f6r f\u00f6rverkligandet. Till exempel ska det \u00e5rligen bakom vissa luckor \u00e5terkomma traditionella element, som adventskalenderk\u00f6parna f\u00f6rv\u00e4ntar sig se.<\/p>\n\n\n\n<p>Adventskalenderf\u00f6rs\u00e4ljningen \u00e5r 2023 b\u00f6rjar 15.10. Webbshopen och f\u00f6rs\u00e4ljningsplatser finns p\u00e5 adressen <a href=\"http:\/\/www.adventtikalenteri.fi\/sv\">www.adventtikalenteri.fi<\/a><\/p>\n\n\n\n<p>Scoutingens v\u00e4nners immateriella g\u00e5vor kan k\u00f6pas \u00e5ret runt p\u00e5 adressen <a href=\"https:\/\/www.scout.fi\/lahjoita\/ge-en-hobby-som-gava\/\">partio.fi\/aineeton-lahja<\/a><\/p>\n","protected":false},"excerpt":{"rendered":"<p>Mitt i ett vinterlandskap st\u00e5r en r\u00f6d stuga. Skogens djur<\/p>\n","protected":false},"author":11,"featured_media":3310,"comment_status":"closed","ping_status":"closed","sticky":false,"template":"","format":"standard","meta":{"_acf_changed":false,"footnotes":""},"categories":[51],"class_list":["post-3410","post","type-post","status-publish","format-standard","has-post-thumbnail","hentry","category-kalenterin-kuvittajat-sv"],"acf":[],"yoast_head":"<!-- This site is optimized with the Yoast SEO plugin v27.3 - https:\/\/yoast.com\/product\/yoast-seo-wordpress\/ -->\n<title>Adventskalenderillustrationen tar oss till en magisk vinterv\u00e4rld &#8211; Scouternas adventskalender<\/title>\n<meta name=\"robots\" content=\"index, follow, max-snippet:-1, max-image-preview:large, max-video-preview:-1\" \/>\n<link rel=\"canonical\" href=\"https:\/\/www.adventtikalenteri.fi\/sv\/adventskalenderillustrationen-tar-oss-till-en-magisk-vintervarld\/\" \/>\n<meta property=\"og:locale\" content=\"sv_SE\" \/>\n<meta property=\"og:type\" content=\"article\" \/>\n<meta property=\"og:title\" content=\"Adventskalenderillustrationen tar oss till en magisk vinterv\u00e4rld &#8211; Scouternas adventskalender\" \/>\n<meta property=\"og:description\" content=\"Mitt i ett vinterlandskap st\u00e5r en r\u00f6d stuga. Skogens djur\" \/>\n<meta property=\"og:url\" content=\"https:\/\/www.adventtikalenteri.fi\/sv\/adventskalenderillustrationen-tar-oss-till-en-magisk-vintervarld\/\" \/>\n<meta property=\"og:site_name\" content=\"Scouternas adventskalender\" \/>\n<meta property=\"article:published_time\" content=\"2023-10-03T11:18:57+00:00\" \/>\n<meta property=\"article:modified_time\" content=\"2023-10-03T11:41:11+00:00\" \/>\n<meta property=\"og:image\" content=\"https:\/\/www.adventtikalenteri.fi\/wp-content\/uploads\/2023\/08\/Adviskuvat-2023-Netta-Hautamaki-LARGE-196-1.jpg\" \/>\n\t<meta property=\"og:image:width\" content=\"2000\" \/>\n\t<meta property=\"og:image:height\" content=\"926\" \/>\n\t<meta property=\"og:image:type\" content=\"image\/jpeg\" \/>\n<meta name=\"author\" content=\"Frida Lundberg\" \/>\n<meta name=\"twitter:card\" content=\"summary_large_image\" \/>\n<meta name=\"twitter:label1\" content=\"Skriven av\" \/>\n\t<meta name=\"twitter:data1\" content=\"Frida Lundberg\" \/>\n\t<meta name=\"twitter:label2\" content=\"Ber\u00e4knad l\u00e4stid\" \/>\n\t<meta name=\"twitter:data2\" content=\"2 minuter\" \/>\n<script type=\"application\/ld+json\" class=\"yoast-schema-graph\">{\"@context\":\"https:\\\/\\\/schema.org\",\"@graph\":[{\"@type\":\"Article\",\"@id\":\"https:\\\/\\\/www.adventtikalenteri.fi\\\/sv\\\/adventskalenderillustrationen-tar-oss-till-en-magisk-vintervarld\\\/#article\",\"isPartOf\":{\"@id\":\"https:\\\/\\\/www.adventtikalenteri.fi\\\/sv\\\/adventskalenderillustrationen-tar-oss-till-en-magisk-vintervarld\\\/\"},\"author\":{\"name\":\"Frida Lundberg\",\"@id\":\"https:\\\/\\\/www.adventtikalenteri.fi\\\/sv\\\/#\\\/schema\\\/person\\\/b134769da658cf01a61462ebcc6ed861\"},\"headline\":\"Adventskalenderillustrationen tar oss till en magisk vinterv\u00e4rld\",\"datePublished\":\"2023-10-03T11:18:57+00:00\",\"dateModified\":\"2023-10-03T11:41:11+00:00\",\"mainEntityOfPage\":{\"@id\":\"https:\\\/\\\/www.adventtikalenteri.fi\\\/sv\\\/adventskalenderillustrationen-tar-oss-till-en-magisk-vintervarld\\\/\"},\"wordCount\":290,\"image\":{\"@id\":\"https:\\\/\\\/www.adventtikalenteri.fi\\\/sv\\\/adventskalenderillustrationen-tar-oss-till-en-magisk-vintervarld\\\/#primaryimage\"},\"thumbnailUrl\":\"https:\\\/\\\/www.adventtikalenteri.fi\\\/wp-content\\\/uploads\\\/2023\\\/08\\\/Adviskuvat-2023-Netta-Hautamaki-LARGE-196-1.jpg\",\"articleSection\":[\"Kalenterin kuvittajat\"],\"inLanguage\":\"sv-SE\"},{\"@type\":\"WebPage\",\"@id\":\"https:\\\/\\\/www.adventtikalenteri.fi\\\/sv\\\/adventskalenderillustrationen-tar-oss-till-en-magisk-vintervarld\\\/\",\"url\":\"https:\\\/\\\/www.adventtikalenteri.fi\\\/sv\\\/adventskalenderillustrationen-tar-oss-till-en-magisk-vintervarld\\\/\",\"name\":\"Adventskalenderillustrationen tar oss till en magisk vinterv\u00e4rld &#8211; Scouternas adventskalender\",\"isPartOf\":{\"@id\":\"https:\\\/\\\/www.adventtikalenteri.fi\\\/sv\\\/#website\"},\"primaryImageOfPage\":{\"@id\":\"https:\\\/\\\/www.adventtikalenteri.fi\\\/sv\\\/adventskalenderillustrationen-tar-oss-till-en-magisk-vintervarld\\\/#primaryimage\"},\"image\":{\"@id\":\"https:\\\/\\\/www.adventtikalenteri.fi\\\/sv\\\/adventskalenderillustrationen-tar-oss-till-en-magisk-vintervarld\\\/#primaryimage\"},\"thumbnailUrl\":\"https:\\\/\\\/www.adventtikalenteri.fi\\\/wp-content\\\/uploads\\\/2023\\\/08\\\/Adviskuvat-2023-Netta-Hautamaki-LARGE-196-1.jpg\",\"datePublished\":\"2023-10-03T11:18:57+00:00\",\"dateModified\":\"2023-10-03T11:41:11+00:00\",\"author\":{\"@id\":\"https:\\\/\\\/www.adventtikalenteri.fi\\\/sv\\\/#\\\/schema\\\/person\\\/b134769da658cf01a61462ebcc6ed861\"},\"breadcrumb\":{\"@id\":\"https:\\\/\\\/www.adventtikalenteri.fi\\\/sv\\\/adventskalenderillustrationen-tar-oss-till-en-magisk-vintervarld\\\/#breadcrumb\"},\"inLanguage\":\"sv-SE\",\"potentialAction\":[{\"@type\":\"ReadAction\",\"target\":[\"https:\\\/\\\/www.adventtikalenteri.fi\\\/sv\\\/adventskalenderillustrationen-tar-oss-till-en-magisk-vintervarld\\\/\"]}]},{\"@type\":\"ImageObject\",\"inLanguage\":\"sv-SE\",\"@id\":\"https:\\\/\\\/www.adventtikalenteri.fi\\\/sv\\\/adventskalenderillustrationen-tar-oss-till-en-magisk-vintervarld\\\/#primaryimage\",\"url\":\"https:\\\/\\\/www.adventtikalenteri.fi\\\/wp-content\\\/uploads\\\/2023\\\/08\\\/Adviskuvat-2023-Netta-Hautamaki-LARGE-196-1.jpg\",\"contentUrl\":\"https:\\\/\\\/www.adventtikalenteri.fi\\\/wp-content\\\/uploads\\\/2023\\\/08\\\/Adviskuvat-2023-Netta-Hautamaki-LARGE-196-1.jpg\",\"width\":2000,\"height\":926},{\"@type\":\"BreadcrumbList\",\"@id\":\"https:\\\/\\\/www.adventtikalenteri.fi\\\/sv\\\/adventskalenderillustrationen-tar-oss-till-en-magisk-vintervarld\\\/#breadcrumb\",\"itemListElement\":[{\"@type\":\"ListItem\",\"position\":1,\"name\":\"Etusivu\",\"item\":\"https:\\\/\\\/www.adventtikalenteri.fi\\\/sv\\\/\"},{\"@type\":\"ListItem\",\"position\":2,\"name\":\"Adventskalenderillustrationen tar oss till en magisk vinterv\u00e4rld\"}]},{\"@type\":\"WebSite\",\"@id\":\"https:\\\/\\\/www.adventtikalenteri.fi\\\/sv\\\/#website\",\"url\":\"https:\\\/\\\/www.adventtikalenteri.fi\\\/sv\\\/\",\"name\":\"Scouternas adventskalender\",\"description\":\"\",\"potentialAction\":[{\"@type\":\"SearchAction\",\"target\":{\"@type\":\"EntryPoint\",\"urlTemplate\":\"https:\\\/\\\/www.adventtikalenteri.fi\\\/sv\\\/?s={search_term_string}\"},\"query-input\":{\"@type\":\"PropertyValueSpecification\",\"valueRequired\":true,\"valueName\":\"search_term_string\"}}],\"inLanguage\":\"sv-SE\"},{\"@type\":\"Person\",\"@id\":\"https:\\\/\\\/www.adventtikalenteri.fi\\\/sv\\\/#\\\/schema\\\/person\\\/b134769da658cf01a61462ebcc6ed861\",\"name\":\"Frida Lundberg\",\"url\":\"https:\\\/\\\/www.adventtikalenteri.fi\\\/sv\\\/author\\\/fridalundberg\\\/\"}]}<\/script>\n<!-- \/ Yoast SEO plugin. -->","yoast_head_json":{"title":"Adventskalenderillustrationen tar oss till en magisk vinterv\u00e4rld &#8211; Scouternas adventskalender","robots":{"index":"index","follow":"follow","max-snippet":"max-snippet:-1","max-image-preview":"max-image-preview:large","max-video-preview":"max-video-preview:-1"},"canonical":"https:\/\/www.adventtikalenteri.fi\/sv\/adventskalenderillustrationen-tar-oss-till-en-magisk-vintervarld\/","og_locale":"sv_SE","og_type":"article","og_title":"Adventskalenderillustrationen tar oss till en magisk vinterv\u00e4rld &#8211; Scouternas adventskalender","og_description":"Mitt i ett vinterlandskap st\u00e5r en r\u00f6d stuga. Skogens djur","og_url":"https:\/\/www.adventtikalenteri.fi\/sv\/adventskalenderillustrationen-tar-oss-till-en-magisk-vintervarld\/","og_site_name":"Scouternas adventskalender","article_published_time":"2023-10-03T11:18:57+00:00","article_modified_time":"2023-10-03T11:41:11+00:00","og_image":[{"width":2000,"height":926,"url":"https:\/\/www.adventtikalenteri.fi\/wp-content\/uploads\/2023\/08\/Adviskuvat-2023-Netta-Hautamaki-LARGE-196-1.jpg","type":"image\/jpeg"}],"author":"Frida Lundberg","twitter_card":"summary_large_image","twitter_misc":{"Skriven av":"Frida Lundberg","Ber\u00e4knad l\u00e4stid":"2 minuter"},"schema":{"@context":"https:\/\/schema.org","@graph":[{"@type":"Article","@id":"https:\/\/www.adventtikalenteri.fi\/sv\/adventskalenderillustrationen-tar-oss-till-en-magisk-vintervarld\/#article","isPartOf":{"@id":"https:\/\/www.adventtikalenteri.fi\/sv\/adventskalenderillustrationen-tar-oss-till-en-magisk-vintervarld\/"},"author":{"name":"Frida Lundberg","@id":"https:\/\/www.adventtikalenteri.fi\/sv\/#\/schema\/person\/b134769da658cf01a61462ebcc6ed861"},"headline":"Adventskalenderillustrationen tar oss till en magisk vinterv\u00e4rld","datePublished":"2023-10-03T11:18:57+00:00","dateModified":"2023-10-03T11:41:11+00:00","mainEntityOfPage":{"@id":"https:\/\/www.adventtikalenteri.fi\/sv\/adventskalenderillustrationen-tar-oss-till-en-magisk-vintervarld\/"},"wordCount":290,"image":{"@id":"https:\/\/www.adventtikalenteri.fi\/sv\/adventskalenderillustrationen-tar-oss-till-en-magisk-vintervarld\/#primaryimage"},"thumbnailUrl":"https:\/\/www.adventtikalenteri.fi\/wp-content\/uploads\/2023\/08\/Adviskuvat-2023-Netta-Hautamaki-LARGE-196-1.jpg","articleSection":["Kalenterin kuvittajat"],"inLanguage":"sv-SE"},{"@type":"WebPage","@id":"https:\/\/www.adventtikalenteri.fi\/sv\/adventskalenderillustrationen-tar-oss-till-en-magisk-vintervarld\/","url":"https:\/\/www.adventtikalenteri.fi\/sv\/adventskalenderillustrationen-tar-oss-till-en-magisk-vintervarld\/","name":"Adventskalenderillustrationen tar oss till en magisk vinterv\u00e4rld &#8211; Scouternas adventskalender","isPartOf":{"@id":"https:\/\/www.adventtikalenteri.fi\/sv\/#website"},"primaryImageOfPage":{"@id":"https:\/\/www.adventtikalenteri.fi\/sv\/adventskalenderillustrationen-tar-oss-till-en-magisk-vintervarld\/#primaryimage"},"image":{"@id":"https:\/\/www.adventtikalenteri.fi\/sv\/adventskalenderillustrationen-tar-oss-till-en-magisk-vintervarld\/#primaryimage"},"thumbnailUrl":"https:\/\/www.adventtikalenteri.fi\/wp-content\/uploads\/2023\/08\/Adviskuvat-2023-Netta-Hautamaki-LARGE-196-1.jpg","datePublished":"2023-10-03T11:18:57+00:00","dateModified":"2023-10-03T11:41:11+00:00","author":{"@id":"https:\/\/www.adventtikalenteri.fi\/sv\/#\/schema\/person\/b134769da658cf01a61462ebcc6ed861"},"breadcrumb":{"@id":"https:\/\/www.adventtikalenteri.fi\/sv\/adventskalenderillustrationen-tar-oss-till-en-magisk-vintervarld\/#breadcrumb"},"inLanguage":"sv-SE","potentialAction":[{"@type":"ReadAction","target":["https:\/\/www.adventtikalenteri.fi\/sv\/adventskalenderillustrationen-tar-oss-till-en-magisk-vintervarld\/"]}]},{"@type":"ImageObject","inLanguage":"sv-SE","@id":"https:\/\/www.adventtikalenteri.fi\/sv\/adventskalenderillustrationen-tar-oss-till-en-magisk-vintervarld\/#primaryimage","url":"https:\/\/www.adventtikalenteri.fi\/wp-content\/uploads\/2023\/08\/Adviskuvat-2023-Netta-Hautamaki-LARGE-196-1.jpg","contentUrl":"https:\/\/www.adventtikalenteri.fi\/wp-content\/uploads\/2023\/08\/Adviskuvat-2023-Netta-Hautamaki-LARGE-196-1.jpg","width":2000,"height":926},{"@type":"BreadcrumbList","@id":"https:\/\/www.adventtikalenteri.fi\/sv\/adventskalenderillustrationen-tar-oss-till-en-magisk-vintervarld\/#breadcrumb","itemListElement":[{"@type":"ListItem","position":1,"name":"Etusivu","item":"https:\/\/www.adventtikalenteri.fi\/sv\/"},{"@type":"ListItem","position":2,"name":"Adventskalenderillustrationen tar oss till en magisk vinterv\u00e4rld"}]},{"@type":"WebSite","@id":"https:\/\/www.adventtikalenteri.fi\/sv\/#website","url":"https:\/\/www.adventtikalenteri.fi\/sv\/","name":"Scouternas adventskalender","description":"","potentialAction":[{"@type":"SearchAction","target":{"@type":"EntryPoint","urlTemplate":"https:\/\/www.adventtikalenteri.fi\/sv\/?s={search_term_string}"},"query-input":{"@type":"PropertyValueSpecification","valueRequired":true,"valueName":"search_term_string"}}],"inLanguage":"sv-SE"},{"@type":"Person","@id":"https:\/\/www.adventtikalenteri.fi\/sv\/#\/schema\/person\/b134769da658cf01a61462ebcc6ed861","name":"Frida Lundberg","url":"https:\/\/www.adventtikalenteri.fi\/sv\/author\/fridalundberg\/"}]}},"_links":{"self":[{"href":"https:\/\/www.adventtikalenteri.fi\/sv\/wp-json\/wp\/v2\/posts\/3410","targetHints":{"allow":["GET"]}}],"collection":[{"href":"https:\/\/www.adventtikalenteri.fi\/sv\/wp-json\/wp\/v2\/posts"}],"about":[{"href":"https:\/\/www.adventtikalenteri.fi\/sv\/wp-json\/wp\/v2\/types\/post"}],"author":[{"embeddable":true,"href":"https:\/\/www.adventtikalenteri.fi\/sv\/wp-json\/wp\/v2\/users\/11"}],"replies":[{"embeddable":true,"href":"https:\/\/www.adventtikalenteri.fi\/sv\/wp-json\/wp\/v2\/comments?post=3410"}],"version-history":[{"count":2,"href":"https:\/\/www.adventtikalenteri.fi\/sv\/wp-json\/wp\/v2\/posts\/3410\/revisions"}],"predecessor-version":[{"id":3412,"href":"https:\/\/www.adventtikalenteri.fi\/sv\/wp-json\/wp\/v2\/posts\/3410\/revisions\/3412"}],"wp:featuredmedia":[{"embeddable":true,"href":"https:\/\/www.adventtikalenteri.fi\/sv\/wp-json\/wp\/v2\/media\/3310"}],"wp:attachment":[{"href":"https:\/\/www.adventtikalenteri.fi\/sv\/wp-json\/wp\/v2\/media?parent=3410"}],"wp:term":[{"taxonomy":"category","embeddable":true,"href":"https:\/\/www.adventtikalenteri.fi\/sv\/wp-json\/wp\/v2\/categories?post=3410"}],"curies":[{"name":"wp","href":"https:\/\/api.w.org\/{rel}","templated":true}]}}